{"id":269299,"date":"2026-08-31T19:37:40","date_gmt":"2026-09-01T02:37:40","guid":{"rendered":"https:\/\/rnoticias.com.mx\/Portal\/?p=269299"},"modified":"2026-08-31T19:37:40","modified_gmt":"2026-09-01T02:37:40","slug":"cimarrones-queda-fuera-de-competencia-y-enfoca-su-proyecto-en-formar-nuevos-talentos","status":"publish","type":"post","link":"https:\/\/rnoticias.com.mx\/Portal\/2026\/08\/31\/cimarrones-queda-fuera-de-competencia-y-enfoca-su-proyecto-en-formar-nuevos-talentos\/","title":{"rendered":"Cimarrones queda fuera de competencia y enfoca su proyecto en formar nuevos talentos"},"content":{"rendered":"<p>Hermosillo, Sonora. Cimarrones de Sonora no disputar\u00e1 partidos oficiales durante la temporada 2026-2027, luego de que su directiva anunciara una pausa en las actividades competitivas del equipo, mientras redefine el rumbo de su proyecto deportivo.<\/p>\n<p>&nbsp;<\/p>\n<p>La instituci\u00f3n inform\u00f3 que durante este periodo concentrar\u00e1 sus esfuerzos en fortalecer y ampliar el trabajo de sus academias, con prioridad en la formaci\u00f3n, desarrollo y detecci\u00f3n de nuevos talentos futbol\u00edsticos en Sonora.<\/p>\n<p>&nbsp;<\/p>\n<p>De acuerdo con el club, esta estrategia busca abrir mayores oportunidades para las nuevas generaciones y consolidar espacios donde los j\u00f3venes puedan iniciar su trayectoria deportiva. Aunque no tendr\u00e1 participaci\u00f3n esta temporada, Cimarrones asegur\u00f3 que mantiene el objetivo de regresar a la actividad en el estadio de Hermosillo.<\/p>\n<p>&nbsp;<\/p>\n<p>La directiva se\u00f1al\u00f3 que continuar\u00e1 trabajando en la promoci\u00f3n del talento regional y mantendr\u00e1 informada a la afici\u00f3n sobre cualquier novedad relacionada con el futuro del equipo.<\/p>\n<p>&nbsp;<\/p>\n","protected":false},"excerpt":{"rendered":"<p>Hermosillo, Sonora. Cimarrones de Sonora no disputar\u00e1 partidos oficiales durante la temporada 2026-2027, luego de que su directiva anunciara una pausa en las actividades competitivas del equipo, mientras redefine el rumbo de su proyecto deportivo. &nbsp; La instituci\u00f3n inform\u00f3 que durante este periodo concentrar\u00e1 sus esfuerzos en fortalecer y ampliar el trabajo de sus academias, [&hellip;]<\/p>\n","protected":false},"author":2,"featured_media":269300,"comment_status":"closed","ping_status":"closed","sticky":false,"template":"","format":"standard","meta":{"footnotes":""},"categories":[188,12870],"tags":[5231,12865],"class_list":["post-269299","post","type-post","status-publish","format-standard","has-post-thumbnail","hentry","category-deportes","category-destacadas","tag-deportes","tag-destacadas"],"jetpack_featured_media_url":"https:\/\/rnoticias.com.mx\/Portal\/wp-content\/uploads\/2026\/08\/Cimarrones-de-Sonora.jpg","amp_enabled":true,"_links":{"self":[{"href":"https:\/\/rnoticias.com.mx\/Portal\/wp-json\/wp\/v2\/posts\/269299","targetHints":{"allow":["GET"]}}],"collection":[{"href":"https:\/\/rnoticias.com.mx\/Portal\/wp-json\/wp\/v2\/posts"}],"about":[{"href":"https:\/\/rnoticias.com.mx\/Portal\/wp-json\/wp\/v2\/types\/post"}],"author":[{"embeddable":true,"href":"https:\/\/rnoticias.com.mx\/Portal\/wp-json\/wp\/v2\/users\/2"}],"replies":[{"embeddable":true,"href":"https:\/\/rnoticias.com.mx\/Portal\/wp-json\/wp\/v2\/comments?post=269299"}],"version-history":[{"count":1,"href":"https:\/\/rnoticias.com.mx\/Portal\/wp-json\/wp\/v2\/posts\/269299\/revisions"}],"predecessor-version":[{"id":269301,"href":"https:\/\/rnoticias.com.mx\/Portal\/wp-json\/wp\/v2\/posts\/269299\/revisions\/269301"}],"wp:featuredmedia":[{"embeddable":true,"href":"https:\/\/rnoticias.com.mx\/Portal\/wp-json\/wp\/v2\/media\/269300"}],"wp:attachment":[{"href":"https:\/\/rnoticias.com.mx\/Portal\/wp-json\/wp\/v2\/media?parent=269299"}],"wp:term":[{"taxonomy":"category","embeddable":true,"href":"https:\/\/rnoticias.com.mx\/Portal\/wp-json\/wp\/v2\/categories?post=269299"},{"taxonomy":"post_tag","embeddable":true,"href":"https:\/\/rnoticias.com.mx\/Portal\/wp-json\/wp\/v2\/tags?post=269299"}],"curies":[{"name":"wp","href":"https:\/\/api.w.org\/{rel}","templated":true}]}}