{"id":269284,"date":"2026-08-31T19:13:48","date_gmt":"2026-09-01T02:13:48","guid":{"rendered":"https:\/\/rnoticias.com.mx\/Portal\/?p=269284"},"modified":"2026-08-31T19:13:48","modified_gmt":"2026-09-01T02:13:48","slug":"impulsa-inm-segunda-edicion-de-tejiendo-identidades","status":"publish","type":"post","link":"https:\/\/rnoticias.com.mx\/Portal\/2026\/08\/31\/impulsa-inm-segunda-edicion-de-tejiendo-identidades\/","title":{"rendered":"Impulsa INM segunda edici\u00f3n de \u201cTejiendo Identidades\u201d"},"content":{"rendered":"<p>El Instituto Nogalense de las Mujeres (INM) realizar\u00e1 el pr\u00f3ximo s\u00e1bado 5 de septiembre la segunda edici\u00f3n de \u201cTejiendo Identidades\u201d, programa organizado en el marco del D\u00eda Internacional de la Mujer Ind\u00edgena.<\/p>\n<p>&nbsp;<\/p>\n<p>La titular del organismo, Daniela P\u00e9rez Esquer, inform\u00f3 que las actividades se desarrollar\u00e1n en IMFOCULTA, con un conversatorio en el Teatro Rosalba Romero del CECUN.<\/p>\n<p>&nbsp;<\/p>\n<p>\u201cNosotros, como Instituto Nogalense de las Mujeres, conformamos el a\u00f1o pasado\u00a0una red de mujeres ind\u00edgenas de las diferentes etnias que tiene aqu\u00ed en Nogales. Y este conversatorio, este desayuno, se trata de poder compartir\u00a0diferentes culturas entre ellas, que ellas se puedan conocer\u00a0y poder degustar un platillo\u201d, dijo.<\/p>\n<p>&nbsp;<\/p>\n<p>Tambi\u00e9n se contempla, la entrega de reconocimientos a mujeres destacadas por sus aportaciones a la sociedad y la actividad \u201cAtrapa Sue\u00f1os\u201d. P\u00e9rez Esquer invit\u00f3 a mujeres ind\u00edgenas a integrarse a la red \u201cTejiendo Identidades\u201d, creada el a\u00f1o pasado.<\/p>\n<p>&nbsp;<\/p>\n","protected":false},"excerpt":{"rendered":"<p>El Instituto Nogalense de las Mujeres (INM) realizar\u00e1 el pr\u00f3ximo s\u00e1bado 5 de septiembre la segunda edici\u00f3n de \u201cTejiendo Identidades\u201d, programa organizado en el marco del D\u00eda Internacional de la Mujer Ind\u00edgena. &nbsp; La titular del organismo, Daniela P\u00e9rez Esquer, inform\u00f3 que las actividades se desarrollar\u00e1n en IMFOCULTA, con un conversatorio en el Teatro Rosalba [&hellip;]<\/p>\n","protected":false},"author":2,"featured_media":269285,"comment_status":"closed","ping_status":"closed","sticky":false,"template":"","format":"standard","meta":{"footnotes":""},"categories":[174],"tags":[12873],"class_list":["post-269284","post","type-post","status-publish","format-standard","has-post-thumbnail","hentry","category-estatal","tag-estatal"],"jetpack_featured_media_url":"https:\/\/rnoticias.com.mx\/Portal\/wp-content\/uploads\/2026\/08\/7rJ9PisoMaW3z6MCmOQZdjjdCFdZS0jUkylhlTWB.jpg","amp_enabled":true,"_links":{"self":[{"href":"https:\/\/rnoticias.com.mx\/Portal\/wp-json\/wp\/v2\/posts\/269284","targetHints":{"allow":["GET"]}}],"collection":[{"href":"https:\/\/rnoticias.com.mx\/Portal\/wp-json\/wp\/v2\/posts"}],"about":[{"href":"https:\/\/rnoticias.com.mx\/Portal\/wp-json\/wp\/v2\/types\/post"}],"author":[{"embeddable":true,"href":"https:\/\/rnoticias.com.mx\/Portal\/wp-json\/wp\/v2\/users\/2"}],"replies":[{"embeddable":true,"href":"https:\/\/rnoticias.com.mx\/Portal\/wp-json\/wp\/v2\/comments?post=269284"}],"version-history":[{"count":1,"href":"https:\/\/rnoticias.com.mx\/Portal\/wp-json\/wp\/v2\/posts\/269284\/revisions"}],"predecessor-version":[{"id":269286,"href":"https:\/\/rnoticias.com.mx\/Portal\/wp-json\/wp\/v2\/posts\/269284\/revisions\/269286"}],"wp:featuredmedia":[{"embeddable":true,"href":"https:\/\/rnoticias.com.mx\/Portal\/wp-json\/wp\/v2\/media\/269285"}],"wp:attachment":[{"href":"https:\/\/rnoticias.com.mx\/Portal\/wp-json\/wp\/v2\/media?parent=269284"}],"wp:term":[{"taxonomy":"category","embeddable":true,"href":"https:\/\/rnoticias.com.mx\/Portal\/wp-json\/wp\/v2\/categories?post=269284"},{"taxonomy":"post_tag","embeddable":true,"href":"https:\/\/rnoticias.com.mx\/Portal\/wp-json\/wp\/v2\/tags?post=269284"}],"curies":[{"name":"wp","href":"https:\/\/api.w.org\/{rel}","templated":true}]}}