{"id":269278,"date":"2026-08-31T19:10:35","date_gmt":"2026-09-01T02:10:35","guid":{"rendered":"https:\/\/rnoticias.com.mx\/Portal\/?p=269278"},"modified":"2026-08-31T19:10:35","modified_gmt":"2026-09-01T02:10:35","slug":"snte-seccion-54-prepara-acompanamiento-a-docentes-para-el-ciclo-2026-2027","status":"publish","type":"post","link":"https:\/\/rnoticias.com.mx\/Portal\/2026\/08\/31\/snte-seccion-54-prepara-acompanamiento-a-docentes-para-el-ciclo-2026-2027\/","title":{"rendered":"SNTE Secci\u00f3n 54 prepara acompa\u00f1amiento a docentes para el ciclo 2026-2027"},"content":{"rendered":"<p>El secretario general de la Secci\u00f3n 54 del SNTE, Javier Ceballos Corral, inform\u00f3 que el Comit\u00e9 Ejecutivo Seccional realiz\u00f3 su reuni\u00f3n ordinaria de agosto para revisar temas relacionados con la defensa y acompa\u00f1amiento de las y los trabajadores de la educaci\u00f3n ante el inicio del ciclo escolar 2026-2027.<\/p>\n<p>&nbsp;<\/p>\n<p>Se\u00f1al\u00f3, que iniciar\u00e1n el programa \u201cSNTE Cerca de Ti\u201d, mediante el cual representantes sindicales acudir\u00e1n a las distintas regiones y escuelas de Sonora para dialogar con el personal docente sobre los principales asuntos del nuevo ciclo.<\/p>\n<p>&nbsp;<\/p>\n<p>\u201cEl decirles que los acompa\u00f1aremos en las\u00a0encuestas de las redes sociales, de la inteligencia artificial, del uso de\u00a0aparatos electr\u00f3nicos, en que tenemos que hacer las mejores propuestas y lleguen nuevas reglas de competencia para las compa\u00f1eras\u00a0trabajadoras y trabajadores\u201d, dijo.<\/p>\n<p>&nbsp;<\/p>\n<p>Ceballos Corral destac\u00f3 que adem\u00e1s se informar\u00e1 sobre incentivos que se ver\u00e1n reflejados en los ingresos de los trabajadores durante el cierre de mes.<\/p>\n<p>&nbsp;<\/p>\n","protected":false},"excerpt":{"rendered":"<p>El secretario general de la Secci\u00f3n 54 del SNTE, Javier Ceballos Corral, inform\u00f3 que el Comit\u00e9 Ejecutivo Seccional realiz\u00f3 su reuni\u00f3n ordinaria de agosto para revisar temas relacionados con la defensa y acompa\u00f1amiento de las y los trabajadores de la educaci\u00f3n ante el inicio del ciclo escolar 2026-2027. &nbsp; Se\u00f1al\u00f3, que iniciar\u00e1n el programa \u201cSNTE [&hellip;]<\/p>\n","protected":false},"author":2,"featured_media":269279,"comment_status":"closed","ping_status":"closed","sticky":false,"template":"","format":"standard","meta":{"footnotes":""},"categories":[12870,178],"tags":[12865,12869],"class_list":["post-269278","post","type-post","status-publish","format-standard","has-post-thumbnail","hentry","category-destacadas","category-local","tag-destacadas","tag-local"],"jetpack_featured_media_url":"https:\/\/rnoticias.com.mx\/Portal\/wp-content\/uploads\/2026\/08\/snte-54-2.png","amp_enabled":true,"_links":{"self":[{"href":"https:\/\/rnoticias.com.mx\/Portal\/wp-json\/wp\/v2\/posts\/269278","targetHints":{"allow":["GET"]}}],"collection":[{"href":"https:\/\/rnoticias.com.mx\/Portal\/wp-json\/wp\/v2\/posts"}],"about":[{"href":"https:\/\/rnoticias.com.mx\/Portal\/wp-json\/wp\/v2\/types\/post"}],"author":[{"embeddable":true,"href":"https:\/\/rnoticias.com.mx\/Portal\/wp-json\/wp\/v2\/users\/2"}],"replies":[{"embeddable":true,"href":"https:\/\/rnoticias.com.mx\/Portal\/wp-json\/wp\/v2\/comments?post=269278"}],"version-history":[{"count":1,"href":"https:\/\/rnoticias.com.mx\/Portal\/wp-json\/wp\/v2\/posts\/269278\/revisions"}],"predecessor-version":[{"id":269280,"href":"https:\/\/rnoticias.com.mx\/Portal\/wp-json\/wp\/v2\/posts\/269278\/revisions\/269280"}],"wp:featuredmedia":[{"embeddable":true,"href":"https:\/\/rnoticias.com.mx\/Portal\/wp-json\/wp\/v2\/media\/269279"}],"wp:attachment":[{"href":"https:\/\/rnoticias.com.mx\/Portal\/wp-json\/wp\/v2\/media?parent=269278"}],"wp:term":[{"taxonomy":"category","embeddable":true,"href":"https:\/\/rnoticias.com.mx\/Portal\/wp-json\/wp\/v2\/categories?post=269278"},{"taxonomy":"post_tag","embeddable":true,"href":"https:\/\/rnoticias.com.mx\/Portal\/wp-json\/wp\/v2\/tags?post=269278"}],"curies":[{"name":"wp","href":"https:\/\/api.w.org\/{rel}","templated":true}]}}