{"id":269239,"date":"2026-08-31T18:34:32","date_gmt":"2026-09-01T01:34:32","guid":{"rendered":"https:\/\/rnoticias.com.mx\/Portal\/?p=269239"},"modified":"2026-08-31T18:34:32","modified_gmt":"2026-09-01T01:34:32","slug":"exintegrantes-de-menudo-se-reunen-para-gira-conmemorativa","status":"publish","type":"post","link":"https:\/\/rnoticias.com.mx\/Portal\/2026\/08\/31\/exintegrantes-de-menudo-se-reunen-para-gira-conmemorativa\/","title":{"rendered":"Exintegrantes de Menudo se re\u00fanen para gira conmemorativa"},"content":{"rendered":"<p><strong>Siete exintegrantes de Menudo<\/strong>\u00a0se\u00a0<strong>reunir\u00e1n en una gira<\/strong>\u00a0con motivo del\u00a0<strong>50 aniversario<\/strong>\u00a0del legendario grupo puertorrique\u00f1o, que arrancar\u00e1 el 10 de octubre en Los \u00c1ngeles y concluir\u00e1 el 12 de diciembre en San Juan, Puerto Rico.<\/p>\n<ul>\n<li><strong>Creado en 1977<\/strong>\u00a0por el\u00a0<strong>productor Edgardo D\u00edaz<\/strong>, Menudo se convirti\u00f3 en uno de los mayores\u00a0<strong>fen\u00f3menos de la m\u00fasica<\/strong>\u00a0latinoamericana en los a\u00f1os 80. Por sus filas pasaron figuras como Ricky Martin y Draco Rosa, aunque ninguno participar\u00e1 en esta gira.<\/li>\n<\/ul>\n<p>Los exmiembros\u00a0<strong>adaptaron los cl\u00e1sicos<\/strong>\u00a0del grupo a sus\u00a0<strong>voces actuales<\/strong>, manteniendo el sonido caracter\u00edstico. Entre los temas imprescindibles figuran\u00a0<em>S\u00fabete a mi moto<\/em>\u00a0y\u00a0<em>Claridad<\/em>. &#8220;Suena a Menudo porque son las mismas voces&#8221;, explic\u00f3 Raymond Acevedo.<\/p>\n<h3><strong>Espect\u00e1culo generacional<\/strong><\/h3>\n<p>Los integrantes destacan que ser\u00e1 un\u00a0<strong>show familiar<\/strong>, con al menos\u00a0<strong>tres generaciones de seguidores<\/strong>: abuelas que fueron fans, sus hijas y los nietos que ahora descubren la m\u00fasica gracias a la nostalgia y a internet.<\/p>\n<h2><strong>Fechas confirmadas<\/strong><\/h2>\n<ul>\n<li>10 de octubre: Los \u00c1ngeles<\/li>\n<li>17 de octubre: Chicago<\/li>\n<li>7 de noviembre: Nueva York<\/li>\n<li>28 de noviembre: Ciudad de M\u00e9xico<\/li>\n<li>4 de diciembre: Hollywood, Florida<\/li>\n<li>12 de diciembre: San Juan, Puerto Rico<\/li>\n<\/ul>\n","protected":false},"excerpt":{"rendered":"<p>Siete exintegrantes de Menudo\u00a0se\u00a0reunir\u00e1n en una gira\u00a0con motivo del\u00a050 aniversario\u00a0del legendario grupo puertorrique\u00f1o, que arrancar\u00e1 el 10 de octubre en Los \u00c1ngeles y concluir\u00e1 el 12 de diciembre en San Juan, Puerto Rico. Creado en 1977\u00a0por el\u00a0productor Edgardo D\u00edaz, Menudo se convirti\u00f3 en uno de los mayores\u00a0fen\u00f3menos de la m\u00fasica\u00a0latinoamericana en los a\u00f1os 80. Por [&hellip;]<\/p>\n","protected":false},"author":2,"featured_media":269240,"comment_status":"closed","ping_status":"closed","sticky":false,"template":"","format":"standard","meta":{"footnotes":""},"categories":[12870,219],"tags":[12865,12875],"class_list":["post-269239","post","type-post","status-publish","format-standard","has-post-thumbnail","hentry","category-destacadas","category-espectaculos","tag-destacadas","tag-espectaculos"],"jetpack_featured_media_url":"https:\/\/rnoticias.com.mx\/Portal\/wp-content\/uploads\/2026\/08\/image-2-e1781667979552.png","amp_enabled":true,"_links":{"self":[{"href":"https:\/\/rnoticias.com.mx\/Portal\/wp-json\/wp\/v2\/posts\/269239","targetHints":{"allow":["GET"]}}],"collection":[{"href":"https:\/\/rnoticias.com.mx\/Portal\/wp-json\/wp\/v2\/posts"}],"about":[{"href":"https:\/\/rnoticias.com.mx\/Portal\/wp-json\/wp\/v2\/types\/post"}],"author":[{"embeddable":true,"href":"https:\/\/rnoticias.com.mx\/Portal\/wp-json\/wp\/v2\/users\/2"}],"replies":[{"embeddable":true,"href":"https:\/\/rnoticias.com.mx\/Portal\/wp-json\/wp\/v2\/comments?post=269239"}],"version-history":[{"count":1,"href":"https:\/\/rnoticias.com.mx\/Portal\/wp-json\/wp\/v2\/posts\/269239\/revisions"}],"predecessor-version":[{"id":269241,"href":"https:\/\/rnoticias.com.mx\/Portal\/wp-json\/wp\/v2\/posts\/269239\/revisions\/269241"}],"wp:featuredmedia":[{"embeddable":true,"href":"https:\/\/rnoticias.com.mx\/Portal\/wp-json\/wp\/v2\/media\/269240"}],"wp:attachment":[{"href":"https:\/\/rnoticias.com.mx\/Portal\/wp-json\/wp\/v2\/media?parent=269239"}],"wp:term":[{"taxonomy":"category","embeddable":true,"href":"https:\/\/rnoticias.com.mx\/Portal\/wp-json\/wp\/v2\/categories?post=269239"},{"taxonomy":"post_tag","embeddable":true,"href":"https:\/\/rnoticias.com.mx\/Portal\/wp-json\/wp\/v2\/tags?post=269239"}],"curies":[{"name":"wp","href":"https:\/\/api.w.org\/{rel}","templated":true}]}}