{"id":269236,"date":"2026-08-31T18:30:32","date_gmt":"2026-09-01T01:30:32","guid":{"rendered":"https:\/\/rnoticias.com.mx\/Portal\/?p=269236"},"modified":"2026-08-31T18:30:32","modified_gmt":"2026-09-01T01:30:32","slug":"canelo-alvarez-busca-el-campeonato-supermediano-del-cmb-en-riad","status":"publish","type":"post","link":"https:\/\/rnoticias.com.mx\/Portal\/2026\/08\/31\/canelo-alvarez-busca-el-campeonato-supermediano-del-cmb-en-riad\/","title":{"rendered":"Canelo \u00c1lvarez busca el campeonato supermediano del CMB en Riad"},"content":{"rendered":"<div class=\"detail\">\n<div>Canelo \u00c1lvarez considera que la constancia y el esfuerzo diario son clave en su preparaci\u00f3n para el combate en Riad. \u00bfLograr\u00e1 vencer a Mbilli y recuperar su t\u00edtulo?<\/div>\n<div class=\"sharepost\">\n<div class=\"addthis_inline_share_toolbox\"><\/div>\n<div class=\"clearfix\"><\/div>\n<\/div>\n<\/div>\n<div class=\"description notacuerpocontenido\">\n<h2><strong>CANELO \u00c1LVAREZ REFUERZA SU PREPARACI\u00d3N Y REVELA QU\u00c9 SIGNIFICA PARA \u00c9L LA DISCIPLINA<\/strong><\/h2>\n<p>Sa\u00fal &#8220;Canelo&#8221; \u00c1lvarez contin\u00faa trabajando intensamente en su\u00a0<strong>preparaci\u00f3n<\/strong>\u00a0rumbo a su pr\u00f3ximo compromiso sobre el cuadril\u00e1tero, en el que se enfrentar\u00e1 al canadiense\u00a0<strong>Christian Mbilli<\/strong>\u00a0el 31 de octubre de 2026 en Riad, Arabia Saudita.<\/p>\n<ul>\n<li>El boxeador tapat\u00edo se encuentra\u00a0<strong>entrenando<\/strong>\u00a0bajo las indicaciones de su\u00a0<strong>equipo<\/strong>, encabezado por\u00a0<strong>Eddy Reynoso<\/strong>, mientras afina los detalles de cara a una\u00a0<strong>pelea<\/strong>\u00a0en la que buscar\u00e1 quedarse con el t\u00edtulo supermediano del Consejo Mundial de Boxeo (CMB).<\/li>\n<\/ul>\n<p>En medio de su\u00a0<strong>preparaci\u00f3n<\/strong>, Canelo aprovech\u00f3 sus redes sociales para compartir una\u00a0<strong>reflexi\u00f3n<\/strong>\u00a0relacionada con la\u00a0<strong>disciplina<\/strong>\u00a0y la\u00a0<strong>constancia<\/strong>\u00a0que requiere un deportista de alto rendimiento.<\/p>\n<p>El mexicano explic\u00f3 que no todos los d\u00edas se cuenta con la misma energ\u00eda o capacidad f\u00edsica, pero lo\u00a0<strong>importante<\/strong>\u00a0es esforzarse al m\u00e1ximo de acuerdo con las condiciones de\u00a0<strong>cada jornada.<\/strong><\/p>\n<p>&#8220;La\u00a0<strong>disciplina<\/strong>\u00a0es la\u00a0<strong>constancia<\/strong>. Si traes un 50 por ciento ese d\u00eda, ese es tu 100 por ciento&#8221;.<\/p>\n<p>El\u00a0<strong>mensaje<\/strong>\u00a0fue publicado bajo la frase &#8220;Tratar de\u00a0<strong>dar el 100<\/strong>\u00a0cada d\u00eda, eso es\u00a0<strong>disciplina<\/strong>&#8220;, acompa\u00f1ado de im\u00e1genes en las que se observa al pugilista realizando su\u00a0<strong>preparaci\u00f3n<\/strong>\u00a0en el\u00a0<strong>gimnasio<\/strong>\u00a0de\u00a0<strong>Eddy Reynoso<\/strong>. En algunas de las fotograf\u00edas tambi\u00e9n aparece junto a su hijo.<\/p>\n<p>Canelo llegar\u00e1 a este nuevo\u00a0<strong>desaf\u00edo<\/strong>\u00a0con un\u00a0<strong>r\u00e9cord profesional<\/strong>\u00a0de 63\u00a0<strong>victorias<\/strong>, tres derrotas y dos empates, adem\u00e1s de 39 triunfos por la v\u00eda del\u00a0<strong>nocaut<\/strong>. Su pr\u00f3ximo rival,\u00a0<strong>Christian Mbilli<\/strong>, es conocido en el mundo del boxeo como &#8220;La Pantera Asesina&#8221;, por lo que se espera un enfrentamiento de gran intensidad.<\/p>\n<p>Esta ser\u00e1 una\u00a0<strong>pelea<\/strong>\u00a0especialmente\u00a0<strong>importante<\/strong>\u00a0para el mexicano, quien volver\u00e1 a competir profesionalmente despu\u00e9s de su enfrentamiento ante el estadounidense Terence\u00a0<strong>Crawford<\/strong>, realizado el 13 de septiembre de 2025. En aquella ocasi\u00f3n, Canelo sufri\u00f3 una derrota que signific\u00f3 la p\u00e9rdida de su campeonato indiscutido de la divisi\u00f3n supermediana.<\/p>\n<p>Ahora, el tapat\u00edo busca dejar atr\u00e1s aquel resultado y\u00a0<strong>regresar<\/strong>\u00a0a la\u00a0<strong>cima<\/strong>\u00a0de las\u00a0<strong>168 libras<\/strong>. Adem\u00e1s, recientemente\u00a0<strong>sorprendi\u00f3<\/strong>\u00a0al hablar sobre la posibilidad de que una de sus\u00a0<strong>pr\u00f3ximas peleas<\/strong>\u00a0pueda realizarse en M\u00e9xico, espec\u00edficamente en el\u00a0<strong>Estadio Banorte<\/strong>, lo que abrir\u00eda la puerta a un posible regreso del campe\u00f3n a territorio nacional.<\/p>\n<\/div>\n","protected":false},"excerpt":{"rendered":"<p>Canelo \u00c1lvarez considera que la constancia y el esfuerzo diario son clave en su preparaci\u00f3n para el combate en Riad. \u00bfLograr\u00e1 vencer a Mbilli y recuperar su t\u00edtulo? CANELO \u00c1LVAREZ REFUERZA SU PREPARACI\u00d3N Y REVELA QU\u00c9 SIGNIFICA PARA \u00c9L LA DISCIPLINA Sa\u00fal &#8220;Canelo&#8221; \u00c1lvarez contin\u00faa trabajando intensamente en su\u00a0preparaci\u00f3n\u00a0rumbo a su pr\u00f3ximo compromiso sobre el [&hellip;]<\/p>\n","protected":false},"author":2,"featured_media":269237,"comment_status":"closed","ping_status":"closed","sticky":false,"template":"","format":"standard","meta":{"footnotes":""},"categories":[188,12870],"tags":[5231,12865],"class_list":["post-269236","post","type-post","status-publish","format-standard","has-post-thumbnail","hentry","category-deportes","category-destacadas","tag-deportes","tag-destacadas"],"jetpack_featured_media_url":"https:\/\/rnoticias.com.mx\/Portal\/wp-content\/uploads\/2026\/08\/778-1.jpg","amp_enabled":true,"_links":{"self":[{"href":"https:\/\/rnoticias.com.mx\/Portal\/wp-json\/wp\/v2\/posts\/269236","targetHints":{"allow":["GET"]}}],"collection":[{"href":"https:\/\/rnoticias.com.mx\/Portal\/wp-json\/wp\/v2\/posts"}],"about":[{"href":"https:\/\/rnoticias.com.mx\/Portal\/wp-json\/wp\/v2\/types\/post"}],"author":[{"embeddable":true,"href":"https:\/\/rnoticias.com.mx\/Portal\/wp-json\/wp\/v2\/users\/2"}],"replies":[{"embeddable":true,"href":"https:\/\/rnoticias.com.mx\/Portal\/wp-json\/wp\/v2\/comments?post=269236"}],"version-history":[{"count":1,"href":"https:\/\/rnoticias.com.mx\/Portal\/wp-json\/wp\/v2\/posts\/269236\/revisions"}],"predecessor-version":[{"id":269238,"href":"https:\/\/rnoticias.com.mx\/Portal\/wp-json\/wp\/v2\/posts\/269236\/revisions\/269238"}],"wp:featuredmedia":[{"embeddable":true,"href":"https:\/\/rnoticias.com.mx\/Portal\/wp-json\/wp\/v2\/media\/269237"}],"wp:attachment":[{"href":"https:\/\/rnoticias.com.mx\/Portal\/wp-json\/wp\/v2\/media?parent=269236"}],"wp:term":[{"taxonomy":"category","embeddable":true,"href":"https:\/\/rnoticias.com.mx\/Portal\/wp-json\/wp\/v2\/categories?post=269236"},{"taxonomy":"post_tag","embeddable":true,"href":"https:\/\/rnoticias.com.mx\/Portal\/wp-json\/wp\/v2\/tags?post=269236"}],"curies":[{"name":"wp","href":"https:\/\/api.w.org\/{rel}","templated":true}]}}