{"id":269233,"date":"2026-08-31T18:28:26","date_gmt":"2026-09-01T01:28:26","guid":{"rendered":"https:\/\/rnoticias.com.mx\/Portal\/?p=269233"},"modified":"2026-08-31T18:28:26","modified_gmt":"2026-09-01T01:28:26","slug":"gustavo-petro-visita-mexico-dara-conferencia-sobre-la-robotizacion-y-el-fascismo","status":"publish","type":"post","link":"https:\/\/rnoticias.com.mx\/Portal\/2026\/08\/31\/gustavo-petro-visita-mexico-dara-conferencia-sobre-la-robotizacion-y-el-fascismo\/","title":{"rendered":"Gustavo Petro visita M\u00e9xico, dar\u00e1 conferencia sobre la robotizaci\u00f3n y el fascismo"},"content":{"rendered":"<p>El expresidente de Colombia,\u00a0<strong>Gustavo Petro, inici\u00f3 este lunes una visita a M\u00e9xico<\/strong>\u00a0con el cupo agotado para la conferencia que ofrecer\u00e1 el mi\u00e9rcoles en la Universidad Nacional Aut\u00f3noma de M\u00e9xico (UNAM), donde, seg\u00fan adelant\u00f3,\u00a0<mark>abordar\u00e1 su tesis sobre c\u00f3mo la robotizaci\u00f3n asociada a la actual fase de acumulaci\u00f3n del capital puede conducir al fascismo.<\/mark><\/p>\n<p>Se trata de la primera salida internacional de Petro desde que dej\u00f3 la Presidencia de Colombia el pasado 7 de agosto.<\/p>\n<p>&#8220;En s\u00f3lo dos horas se agotaron los cupos para mi conferencia acad\u00e9mica en la UNAM de M\u00e9xico&#8221;, escribi\u00f3 Petro en X, al anunciar que hablar\u00e1 del \u00faltimo cap\u00edtulo de su libro, \u201cEconom\u00eda pol\u00edtica de la crisis clim\u00e1tica\u201d, cuya edici\u00f3n en espa\u00f1ol acord\u00f3 con el escritor y director de la editorial Fondo de Cultura Econ\u00f3mica (FCE), Paco Ignacio Taibo II.<\/p>\n<div id=\"div-gpt-ad-1725996948169-0\"><\/div>\n<div class=\" b2\">\n<div id=\"infinite-ad-0-2\" class=\"banner bnr-bb\"><\/div>\n<\/div>\n<h2>Visita a la UNAM<\/h2>\n<p>La conferencia magistral, titulada\u00a0<strong>\u201cEl Capital en el Siglo XXI: Econom\u00eda pol\u00edtica de la crisis clim\u00e1tica\u201d<\/strong>, est\u00e1 prevista para el 2 de septiembre a las 13:30 horas en el Auditorio Alfonso Caso de Ciudad Universitaria, despu\u00e9s de que la organizaci\u00f3n trasladara el acto desde el Auditorio Jorge Carpizo, para atender la demanda.<\/p>\n<p>El Programa Universitario de Estudios sobre Democracia, Justicia y Sociedad (PUEDJS) de la UNAM plantea el encuentro como\u00a0<mark>una discusi\u00f3n sobre la crisis clim\u00e1tica como problema econ\u00f3mico, social y pol\u00edtico, con \u00e9nfasis en el modelo de desarrollo, la desigualdad, la transici\u00f3n energ\u00e9tica, la democracia y el papel del Estado.<\/mark><\/p>\n<p>Petro, quien estuvo al frente del Gobierno de Colombia de 2022 a 2026, afirm\u00f3 que expondr\u00e1 por qu\u00e9 &#8220;la robotizaci\u00f3n que impone la actual fase de acumulaci\u00f3n del capital nos lleva al fascismo&#8221;, una idea que enlaza con su discurso sobre los efectos pol\u00edticos de la transformaci\u00f3n tecnol\u00f3gica y econ\u00f3mica.<\/p>\n<p>M\u00e1s temprano, el exmandatario colombiano dio a conocer que se reuni\u00f3 en Ciudad de M\u00e9xico con Taibo II, y su esposa Paloma Saiz, directora de la Feria Internacional del Libro del Z\u00f3calo, con quienes, dijo, acord\u00f3 la edici\u00f3n de su libro para el mundo hispanohablante y en otras lenguas.<\/p>\n<div class=\"div-pos-7\"><\/div>\n<h2>Petro tras la presidencia<\/h2>\n<p>Petro tambi\u00e9n relat\u00f3 un encuentro con colombianos tras su llegada al Aeropuerto Internacional de la Ciudad de M\u00e9xico. Su estancia se prolongar\u00e1 hasta el mi\u00e9rcoles y constituye su primera salida internacional desde que dej\u00f3 la Presidencia de Colombia.<\/p>\n<p><mark>Ya fuera del poder, Petro asumi\u00f3 el liderazgo del partido izquierdista Pacto Hist\u00f3rico y se ha colocado como una de las principales voces opositoras al Gobierno de Abelardo de la Espriella.<\/mark><\/p>\n<p>En M\u00e9xico, la presidenta Claudia Sheinbaum dijo la semana pasada que no ten\u00eda previsto reunirse con Petro ni hab\u00eda recibido una solicitud de encuentro, aunque le dio la bienvenida al pa\u00eds.<\/p>\n<p>&#8220;No tengo previsto ning\u00fan encuentro, no me han solicitado la reuni\u00f3n, pero bienvenido el presidente Petro&#8221;, dijo la mandataria mexicana el pasado mi\u00e9rcoles 26 de agosto.<\/p>\n","protected":false},"excerpt":{"rendered":"<p>El expresidente de Colombia,\u00a0Gustavo Petro, inici\u00f3 este lunes una visita a M\u00e9xico\u00a0con el cupo agotado para la conferencia que ofrecer\u00e1 el mi\u00e9rcoles en la Universidad Nacional Aut\u00f3noma de M\u00e9xico (UNAM), donde, seg\u00fan adelant\u00f3,\u00a0abordar\u00e1 su tesis sobre c\u00f3mo la robotizaci\u00f3n asociada a la actual fase de acumulaci\u00f3n del capital puede conducir al fascismo. Se trata de [&hellip;]<\/p>\n","protected":false},"author":2,"featured_media":269234,"comment_status":"closed","ping_status":"closed","sticky":false,"template":"","format":"standard","meta":{"footnotes":""},"categories":[12870,172],"tags":[12865,12874],"class_list":["post-269233","post","type-post","status-publish","format-standard","has-post-thumbnail","hentry","category-destacadas","category-nacional","tag-destacadas","tag-nacional"],"jetpack_featured_media_url":"https:\/\/rnoticias.com.mx\/Portal\/wp-content\/uploads\/2026\/08\/crop-w1166-h583-image-2026-08-23t175408694-2067aac5-focus-0-0-480-345.webp","amp_enabled":true,"_links":{"self":[{"href":"https:\/\/rnoticias.com.mx\/Portal\/wp-json\/wp\/v2\/posts\/269233","targetHints":{"allow":["GET"]}}],"collection":[{"href":"https:\/\/rnoticias.com.mx\/Portal\/wp-json\/wp\/v2\/posts"}],"about":[{"href":"https:\/\/rnoticias.com.mx\/Portal\/wp-json\/wp\/v2\/types\/post"}],"author":[{"embeddable":true,"href":"https:\/\/rnoticias.com.mx\/Portal\/wp-json\/wp\/v2\/users\/2"}],"replies":[{"embeddable":true,"href":"https:\/\/rnoticias.com.mx\/Portal\/wp-json\/wp\/v2\/comments?post=269233"}],"version-history":[{"count":1,"href":"https:\/\/rnoticias.com.mx\/Portal\/wp-json\/wp\/v2\/posts\/269233\/revisions"}],"predecessor-version":[{"id":269235,"href":"https:\/\/rnoticias.com.mx\/Portal\/wp-json\/wp\/v2\/posts\/269233\/revisions\/269235"}],"wp:featuredmedia":[{"embeddable":true,"href":"https:\/\/rnoticias.com.mx\/Portal\/wp-json\/wp\/v2\/media\/269234"}],"wp:attachment":[{"href":"https:\/\/rnoticias.com.mx\/Portal\/wp-json\/wp\/v2\/media?parent=269233"}],"wp:term":[{"taxonomy":"category","embeddable":true,"href":"https:\/\/rnoticias.com.mx\/Portal\/wp-json\/wp\/v2\/categories?post=269233"},{"taxonomy":"post_tag","embeddable":true,"href":"https:\/\/rnoticias.com.mx\/Portal\/wp-json\/wp\/v2\/tags?post=269233"}],"curies":[{"name":"wp","href":"https:\/\/api.w.org\/{rel}","templated":true}]}}