{"id":269230,"date":"2026-08-31T18:25:49","date_gmt":"2026-09-01T01:25:49","guid":{"rendered":"https:\/\/rnoticias.com.mx\/Portal\/?p=269230"},"modified":"2026-08-31T18:25:49","modified_gmt":"2026-09-01T01:25:49","slug":"confirman-la-muerte-de-guicho-lider-de-el-r5-fue-abatido-en-los-reyes-michoacan","status":"publish","type":"post","link":"https:\/\/rnoticias.com.mx\/Portal\/2026\/08\/31\/confirman-la-muerte-de-guicho-lider-de-el-r5-fue-abatido-en-los-reyes-michoacan\/","title":{"rendered":"Confirman la muerte de &#8216;G\u00fcicho&#8217;, l\u00edder de &#8216;El R5&#8217;: fue abatido en Los Reyes, Michoac\u00e1n"},"content":{"rendered":"<p><a href=\"https:\/\/www.informador.mx\/mexico\/el-r5-lider-del-cartel-de-los-reyes-en-michoacan-habria-sido-abatido-por-autoridades-ramirez-bedolla-20260831-0103.html\" target=\"_blank\" rel=\"noopener\"><strong>Personal del Ej\u00e9rcito Mexicano, confirm\u00f3 que abati\u00f3 a dos integrantes de un grupo armado en los l\u00edmites de Los Reyes, Michoac\u00e1n<\/strong><\/a>, y Santa Mar\u00eda del Oro, Jalisco.<\/p>\n<p>Los reportes se\u00f1alan que el convoy militar realizaba un despliegue operativo cuando\u00a0<mark><u>fueron atacados a tiros por sujetos armados que viajaban en cuatrimotos<\/u><\/mark>, por lo que los oficiales repelieron la agresi\u00f3n.<\/p>\n<p>Los informes preliminares indican que, en el lugar, dos de los atacantes quedaron abatidos y sus cuerpos trasladados al S<strong>ervicio M\u00e9dico Forense de la regi\u00f3n Morelia<\/strong>, donde continuar\u00e1n las actuaciones y en su caso la identificaci\u00f3n de los cuerpos.<span class=\"item first\">\u00a0<\/span>\u00a0<span class=\"item second\">\u00a0<\/span>\u00a0<span class=\"item third\">\u00a0<\/span><\/p>\n<p>Autoridades de las diferentes \u00e1reas de seguridad, confirmaron que entre los delincuentes muertos est\u00e1\u00a0<strong>Luis Enrique Barrag\u00e1n Ch\u00e1vez, &#8220;El G\u00fcicho&#8221;,<\/strong>\u00a0l\u00edder del grupo armado autonombrado\u00a0<strong>&#8220;El R5&#8221;<\/strong>, por quien\u00a0<mark><u>el gobierno de Estados Unidos ofrec\u00eda una recompensa de tres millones de d\u00f3lares<\/u><\/mark>\u00a0a quien proporcionar\u00e1 informaci\u00f3n para su captura.<\/p>\n<p>En el lugar tambi\u00e9n\u00a0<strong>fue abatido uno de los escoltas de &#8220;El G\u00fcicho&#8221;<\/strong>, confirmaron las fuentes consultadas.<\/p>\n<p>El personal militar asegur\u00f3 adem\u00e1s\u00a0<mark><u>veh\u00edculos, armas largas y cortas, as\u00ed como cartuchos \u00fatiles.<\/u><\/mark><\/p>\n","protected":false},"excerpt":{"rendered":"<p>Personal del Ej\u00e9rcito Mexicano, confirm\u00f3 que abati\u00f3 a dos integrantes de un grupo armado en los l\u00edmites de Los Reyes, Michoac\u00e1n, y Santa Mar\u00eda del Oro, Jalisco. Los reportes se\u00f1alan que el convoy militar realizaba un despliegue operativo cuando\u00a0fueron atacados a tiros por sujetos armados que viajaban en cuatrimotos, por lo que los oficiales repelieron [&hellip;]<\/p>\n","protected":false},"author":2,"featured_media":269231,"comment_status":"closed","ping_status":"closed","sticky":false,"template":"","format":"standard","meta":{"footnotes":""},"categories":[12870,172],"tags":[12865,12874],"class_list":["post-269230","post","type-post","status-publish","format-standard","has-post-thumbnail","hentry","category-destacadas","category-nacional","tag-destacadas","tag-nacional"],"jetpack_featured_media_url":"https:\/\/rnoticias.com.mx\/Portal\/wp-content\/uploads\/2026\/08\/r15_wicho.jpg_653621755.webp","amp_enabled":true,"_links":{"self":[{"href":"https:\/\/rnoticias.com.mx\/Portal\/wp-json\/wp\/v2\/posts\/269230","targetHints":{"allow":["GET"]}}],"collection":[{"href":"https:\/\/rnoticias.com.mx\/Portal\/wp-json\/wp\/v2\/posts"}],"about":[{"href":"https:\/\/rnoticias.com.mx\/Portal\/wp-json\/wp\/v2\/types\/post"}],"author":[{"embeddable":true,"href":"https:\/\/rnoticias.com.mx\/Portal\/wp-json\/wp\/v2\/users\/2"}],"replies":[{"embeddable":true,"href":"https:\/\/rnoticias.com.mx\/Portal\/wp-json\/wp\/v2\/comments?post=269230"}],"version-history":[{"count":1,"href":"https:\/\/rnoticias.com.mx\/Portal\/wp-json\/wp\/v2\/posts\/269230\/revisions"}],"predecessor-version":[{"id":269232,"href":"https:\/\/rnoticias.com.mx\/Portal\/wp-json\/wp\/v2\/posts\/269230\/revisions\/269232"}],"wp:featuredmedia":[{"embeddable":true,"href":"https:\/\/rnoticias.com.mx\/Portal\/wp-json\/wp\/v2\/media\/269231"}],"wp:attachment":[{"href":"https:\/\/rnoticias.com.mx\/Portal\/wp-json\/wp\/v2\/media?parent=269230"}],"wp:term":[{"taxonomy":"category","embeddable":true,"href":"https:\/\/rnoticias.com.mx\/Portal\/wp-json\/wp\/v2\/categories?post=269230"},{"taxonomy":"post_tag","embeddable":true,"href":"https:\/\/rnoticias.com.mx\/Portal\/wp-json\/wp\/v2\/tags?post=269230"}],"curies":[{"name":"wp","href":"https:\/\/api.w.org\/{rel}","templated":true}]}}