{"id":269227,"date":"2026-08-31T17:39:14","date_gmt":"2026-09-01T00:39:14","guid":{"rendered":"https:\/\/rnoticias.com.mx\/Portal\/?p=269227"},"modified":"2026-08-31T17:39:14","modified_gmt":"2026-09-01T00:39:14","slug":"realiza-tono-astiazaran-donacion-de-equipo-de-computo-a-secundaria-9-arq-gustavo-f-aguilar-beltran-en-inicio-de-ciclo-escolar","status":"publish","type":"post","link":"https:\/\/rnoticias.com.mx\/Portal\/2026\/08\/31\/realiza-tono-astiazaran-donacion-de-equipo-de-computo-a-secundaria-9-arq-gustavo-f-aguilar-beltran-en-inicio-de-ciclo-escolar\/","title":{"rendered":"Realiza To\u00f1o Astiazar\u00e1n donaci\u00f3n de equipo de c\u00f3mputo a secundaria 9, \u201cArq. Gustavo F. Aguilar Beltr\u00e1n\u201d en inicio de ciclo escolar"},"content":{"rendered":"<p><b data-olk-copy-source=\"MessageBody\">Hermosillo, Sonora; 31 de agosto, 2026.-<\/b>\u00a0El presidente municipal Antonio Astiazar\u00e1n Guti\u00e9rrez entreg\u00f3 a la comunidad escolar de la secundaria n\u00famero 9, \u201cArquitecto Gustavo F. Aguilar Beltr\u00e1n\u201d, cinco computadoras y un contenedor para el acopio de tapitas pl\u00e1sticas en respuesta a una solicitud planteada en una visita previa al plantel.<\/p>\n<p>Ante m\u00e1s de 700 alumnas y alumnos y personal docente, To\u00f1o Astiazar\u00e1n comparti\u00f3 su entusiasmo por visitar por tercera ocasi\u00f3n este centro escolar y participar en su ceremonia de Lunes C\u00edvico con buenas noticias.<\/p>\n<p>\u201cQueridas amigas y amigos, quiero desearles a todas y todos ustedes un muy buen ciclo escolar, tienen una gran gestora en la presidenta de la Sociedad de Padres de familia, ya la vez pasada vinimos con pintura, vinimos con contenedores y hoy estamos haciendo entrega tambi\u00e9n de estas 5 computadoras que la vez pasada nos hab\u00edan pedido\u201d, explic\u00f3.<\/p>\n<p>Felicit\u00f3 a la comunidad escolar por asumir la cultura del reciclaje y asegur\u00f3 que el contenedor especial para el acopio de tapitas de botellas conlleva el compromiso del Gobierno Municipal de pasar peri\u00f3dicamente a recogerlas.<\/p>\n<p>Los recibieron en calidad de anfitrionas Cora Patricia Mora Serrano y la se\u00f1ora Martha Leticia Ramos Barrera, subdirectora y presidenta de la Sociedad de Padres de Familia del plantel, respectivamente.<\/p>\n<p>Acudieron a este encuentro el Comisario General de la Polic\u00eda Preventiva y Tr\u00e1nsito Municipal, Jes\u00fas Alonso Dur\u00f3n Monta\u00f1o; Sergio Pavlovich Escalante, director de Servicios P\u00fablicos Municipales; David Galv\u00e1n, coordinador CRECES en el sector y la regidora Dulce Robles, as\u00ed como mandos altos y medios de la corporaci\u00f3n policiaca.<\/p>\n","protected":false},"excerpt":{"rendered":"<p>Hermosillo, Sonora; 31 de agosto, 2026.-\u00a0El presidente municipal Antonio Astiazar\u00e1n Guti\u00e9rrez entreg\u00f3 a la comunidad escolar de la secundaria n\u00famero 9, \u201cArquitecto Gustavo F. Aguilar Beltr\u00e1n\u201d, cinco computadoras y un contenedor para el acopio de tapitas pl\u00e1sticas en respuesta a una solicitud planteada en una visita previa al plantel. Ante m\u00e1s de 700 alumnas y [&hellip;]<\/p>\n","protected":false},"author":2,"featured_media":269228,"comment_status":"closed","ping_status":"closed","sticky":false,"template":"","format":"standard","meta":{"footnotes":""},"categories":[12870,178],"tags":[12865,12869],"class_list":["post-269227","post","type-post","status-publish","format-standard","has-post-thumbnail","hentry","category-destacadas","category-local","tag-destacadas","tag-local"],"jetpack_featured_media_url":"https:\/\/rnoticias.com.mx\/Portal\/wp-content\/uploads\/2026\/08\/4-1-1.jpeg","amp_enabled":true,"_links":{"self":[{"href":"https:\/\/rnoticias.com.mx\/Portal\/wp-json\/wp\/v2\/posts\/269227","targetHints":{"allow":["GET"]}}],"collection":[{"href":"https:\/\/rnoticias.com.mx\/Portal\/wp-json\/wp\/v2\/posts"}],"about":[{"href":"https:\/\/rnoticias.com.mx\/Portal\/wp-json\/wp\/v2\/types\/post"}],"author":[{"embeddable":true,"href":"https:\/\/rnoticias.com.mx\/Portal\/wp-json\/wp\/v2\/users\/2"}],"replies":[{"embeddable":true,"href":"https:\/\/rnoticias.com.mx\/Portal\/wp-json\/wp\/v2\/comments?post=269227"}],"version-history":[{"count":1,"href":"https:\/\/rnoticias.com.mx\/Portal\/wp-json\/wp\/v2\/posts\/269227\/revisions"}],"predecessor-version":[{"id":269229,"href":"https:\/\/rnoticias.com.mx\/Portal\/wp-json\/wp\/v2\/posts\/269227\/revisions\/269229"}],"wp:featuredmedia":[{"embeddable":true,"href":"https:\/\/rnoticias.com.mx\/Portal\/wp-json\/wp\/v2\/media\/269228"}],"wp:attachment":[{"href":"https:\/\/rnoticias.com.mx\/Portal\/wp-json\/wp\/v2\/media?parent=269227"}],"wp:term":[{"taxonomy":"category","embeddable":true,"href":"https:\/\/rnoticias.com.mx\/Portal\/wp-json\/wp\/v2\/categories?post=269227"},{"taxonomy":"post_tag","embeddable":true,"href":"https:\/\/rnoticias.com.mx\/Portal\/wp-json\/wp\/v2\/tags?post=269227"}],"curies":[{"name":"wp","href":"https:\/\/api.w.org\/{rel}","templated":true}]}}