{"id":269195,"date":"2026-08-31T15:57:09","date_gmt":"2026-08-31T22:57:09","guid":{"rendered":"https:\/\/rnoticias.com.mx\/Portal\/?p=269195"},"modified":"2026-08-31T15:57:09","modified_gmt":"2026-08-31T22:57:09","slug":"snte-54-destaca-trabajo-para-completar-estructuras-de-escuelas-estatales","status":"publish","type":"post","link":"https:\/\/rnoticias.com.mx\/Portal\/2026\/08\/31\/snte-54-destaca-trabajo-para-completar-estructuras-de-escuelas-estatales\/","title":{"rendered":"SNTE 54 destaca trabajo para completar estructuras de escuelas estatales"},"content":{"rendered":"<p>Hermosillo, Sonora. M\u00e1s de tres mil movimientos de personal se realizaron en escuelas de sostenimiento estatal de Sonora previo al inicio del ciclo escolar 2026-2027, como parte del proceso de asignaci\u00f3n y reorganizaci\u00f3n de plazas, inform\u00f3 Javier Ceballos Corral.<\/p>\n<p>&nbsp;<\/p>\n<p>El secretario general de la Secci\u00f3n 54 del Sindicato Nacional de Trabajadores de la Educaci\u00f3n (SNTE), manifest\u00f3 que las asignaciones se efectuaron del 1 de julio al 30 de agosto, mediante un trabajo coordinado entre la Secretar\u00eda de Educaci\u00f3n y Cultura (SEC) y las organizaciones sindicales, con el prop\u00f3sito de que los planteles iniciaran actividades con las estructuras necesarias.<\/p>\n<p>&nbsp;<\/p>\n<p>\u201cEl volumen de movimientos oblig\u00f3 a mantener labores durante el periodo vacacional para atender las necesidades de las escuelas antes del regreso de estudiantes y trabajadores. Fue un gran esfuerzo, no hubo receso escolar, hubo que trabajar para que esto se vea reflejado\u201d, se\u00f1al\u00f3.<\/p>\n<p>&nbsp;<\/p>\n<p>Ceballos Corral destac\u00f3 que los movimientos incluyeron no solamente plazas docentes, sino tambi\u00e9n personal administrativo y de apoyo, como secretarias, veladores, tutores y maestros sombra.<\/p>\n<p>&nbsp;<\/p>\n<p>Aunque reconoci\u00f3 que a\u00fan existen algunos espacios pendientes por cubrir, asegur\u00f3 que ninguna escuela se encuentra paralizada por falta de personal y que los casos restantes ser\u00e1n atendidos durante esta semana.<\/p>\n<p>&nbsp;<\/p>\n<p>&nbsp;<\/p>\n","protected":false},"excerpt":{"rendered":"<p>Hermosillo, Sonora. M\u00e1s de tres mil movimientos de personal se realizaron en escuelas de sostenimiento estatal de Sonora previo al inicio del ciclo escolar 2026-2027, como parte del proceso de asignaci\u00f3n y reorganizaci\u00f3n de plazas, inform\u00f3 Javier Ceballos Corral. &nbsp; El secretario general de la Secci\u00f3n 54 del Sindicato Nacional de Trabajadores de la Educaci\u00f3n [&hellip;]<\/p>\n","protected":false},"author":2,"featured_media":269196,"comment_status":"closed","ping_status":"closed","sticky":false,"template":"","format":"standard","meta":{"footnotes":""},"categories":[12870,178],"tags":[12865,12869],"class_list":["post-269195","post","type-post","status-publish","format-standard","has-post-thumbnail","hentry","category-destacadas","category-local","tag-destacadas","tag-local"],"jetpack_featured_media_url":"https:\/\/rnoticias.com.mx\/Portal\/wp-content\/uploads\/2026\/08\/sntr-54.jpeg","amp_enabled":true,"_links":{"self":[{"href":"https:\/\/rnoticias.com.mx\/Portal\/wp-json\/wp\/v2\/posts\/269195","targetHints":{"allow":["GET"]}}],"collection":[{"href":"https:\/\/rnoticias.com.mx\/Portal\/wp-json\/wp\/v2\/posts"}],"about":[{"href":"https:\/\/rnoticias.com.mx\/Portal\/wp-json\/wp\/v2\/types\/post"}],"author":[{"embeddable":true,"href":"https:\/\/rnoticias.com.mx\/Portal\/wp-json\/wp\/v2\/users\/2"}],"replies":[{"embeddable":true,"href":"https:\/\/rnoticias.com.mx\/Portal\/wp-json\/wp\/v2\/comments?post=269195"}],"version-history":[{"count":1,"href":"https:\/\/rnoticias.com.mx\/Portal\/wp-json\/wp\/v2\/posts\/269195\/revisions"}],"predecessor-version":[{"id":269197,"href":"https:\/\/rnoticias.com.mx\/Portal\/wp-json\/wp\/v2\/posts\/269195\/revisions\/269197"}],"wp:featuredmedia":[{"embeddable":true,"href":"https:\/\/rnoticias.com.mx\/Portal\/wp-json\/wp\/v2\/media\/269196"}],"wp:attachment":[{"href":"https:\/\/rnoticias.com.mx\/Portal\/wp-json\/wp\/v2\/media?parent=269195"}],"wp:term":[{"taxonomy":"category","embeddable":true,"href":"https:\/\/rnoticias.com.mx\/Portal\/wp-json\/wp\/v2\/categories?post=269195"},{"taxonomy":"post_tag","embeddable":true,"href":"https:\/\/rnoticias.com.mx\/Portal\/wp-json\/wp\/v2\/tags?post=269195"}],"curies":[{"name":"wp","href":"https:\/\/api.w.org\/{rel}","templated":true}]}}