{"id":269179,"date":"2026-08-31T10:24:14","date_gmt":"2026-08-31T17:24:14","guid":{"rendered":"https:\/\/rnoticias.com.mx\/Portal\/?p=269179"},"modified":"2026-08-31T10:24:14","modified_gmt":"2026-08-31T17:24:14","slug":"lionel-messi-se-retira-de-la-seleccion","status":"publish","type":"post","link":"https:\/\/rnoticias.com.mx\/Portal\/2026\/08\/31\/lionel-messi-se-retira-de-la-seleccion\/","title":{"rendered":"Lionel Messi se retira de la Selecci\u00f3n"},"content":{"rendered":"<p><a href=\"https:\/\/www.informador.mx\/lionel-messi-t1253\" target=\"_blank\" rel=\"noopener\"><strong>Lionel Messi<\/strong><\/a>\u00a0puso punto final a una de las etapas m\u00e1s importantes de su carrera. Este lunes 31 de agosto de 2026, el delantero anunci\u00f3 en sus redes sociales su retiro de la Selecci\u00f3n Argentina, poniendo fin a\u00a0<mark><strong>una historia que estuvo acompa\u00f1ada por t\u00edtulos, grandes partidos y momentos que quedar\u00e1n para siempre<\/strong><\/mark>\u00a0en la memoria de los aficionados.<\/p>\n<p>&#8220;Despu\u00e9s de este tiempo que pas\u00f3 desde la final, pens\u00e1ndolo mucho, quiero comunicarles a todos que me retiro de la Selecci\u00f3n\u2026&#8221;, dice la publicaci\u00f3n en Instagram, donde aparece la fotograf\u00eda de una carta escrita a mano.<\/p>\n<div id=\"teads_ad\">\n<div id=\"div-gpt-ad-1548262875188-0\"><\/div>\n<\/div>\n<div><\/div>\n<h2>Es el momento, dice Messi en una carta<\/h2>\n<p>El atacante argentino que actualmente milita en el Inter Miami de la Major League Soccer (MLS), se\u00f1ala que\u00a0<mark><strong>&#8220;Fue una decisi\u00f3n que doli\u00f3 y duele en el alma, pero entiendo que es el momento&#8221;,<\/strong><\/mark> contin\u00faa el texto. &#8220;Les juro que siempre dej\u00e9 todo, no solo los \u00faltimos a\u00f1os que se gan\u00f3 todo, antes tambi\u00e9n, y siempre pele\u00e9 y me dej\u00e9 todo por esta camiseta, por darles alegr\u00edas y hacer que se sientan orgullosos de ser argentinos a trav\u00e9s del futbol&#8221;.<\/p>\n<p>&#8220;Queda poco y se van cerrando etapas, y esta es una que me duele mucho. Amo, am\u00e9 y amar\u00e9 siempre estar en la\u00a0<a href=\"https:\/\/www.informador.mx\/seleccion-de-argentina-t4361\" target=\"_blank\" rel=\"noopener\"><strong>Selecci\u00f3n<\/strong><\/a>.\u00a0<mark><strong>Me vaci\u00e9, ya no tengo m\u00e1s para dar<\/strong><\/mark>\u00a0y aparte vienen chicos muy grandes atr\u00e1s que merecen estar&#8221;.<\/p>\n<p>En la misiva tuvo tiempo para hablarles a los aficionados: &#8220;Gracias por todo el cari\u00f1o de estos 20 a\u00f1os. Voy a extra\u00f1ar mucho escucharlos desde adentro.\u00a0<mark><strong>Ahora voy a ser uno m\u00e1s de ustedes, alentando y bancando siempre desde afuera<\/strong><\/mark>\u00a0(en las buenas y en las malas, mucho m\u00e1s)&#8221;.<\/p>\n<p>Para su familia y toda la gente que lo acompa\u00f1\u00f3 durante su paso por la Albiceleste, dijo: &#8220;Gracias a mi familia por estar siempre, por acompa\u00f1arme en este viaje tan hermoso pero dif\u00edcil. Gracias a cada uno de entrenadores, compa\u00f1eros y dirigentes que me toc\u00f3 compartir. Me llevo recuerdos y momentos inolvidables vividos&#8221;.<\/p>\n<p>Y para cerrar, indic\u00f3 que: &#8220;Me voy con la tranquilidad y el orgullo de haberles regalado, juntos con mis compa\u00f1eros, momentos so\u00f1ados. Fue una locura haberlo vivido con ustedes. \u00a1Los quiero! Gracias Dios por hacerme argentino. \u00a1Vamos Argentina!&#8221;.<\/p>\n<p>Adem\u00e1s, para el cierre de su publicaci\u00f3n, Messi se\u00f1ala que\u00a0<mark><strong>&#8220;Estas palabras las escrib\u00ed el 21 de julio, dos d\u00edas despu\u00e9s de la final. Hoy despu\u00e9s de lo de mi pap\u00e1, estoy m\u00e1s convencido que antes&#8221;.<\/strong><\/mark><\/p>\n<h2>Los n\u00fameros de Lionel Messi con la Selecci\u00f3n de Argentina<\/h2>\n<p>Tras anunciar su retiro este lunes, Lionel Messi cerr\u00f3\u00a0<mark><strong>su ciclo con la Selecci\u00f3n Argentina despu\u00e9s de m\u00e1s de 20 a\u00f1os.<\/strong><\/mark>\u00a0El delantero\u00a0<strong>debut\u00f3 el 17 de agosto de 2005 ante Hungr\u00eda<\/strong>\u00a0y se despide como el jugador con m\u00e1s partidos, m\u00e1s goles y m\u00e1s asistencias en la historia del conjunto sudamericano.<\/p>\n<p>Los n\u00fameros que deja el &#8220;10&#8221; con Argentina dan muestra del tama\u00f1o de su recorrido:\u00a0<strong>disput\u00f3 207 partidos, marc\u00f3 125 goles y dio 68 asistencias<\/strong>. Adem\u00e1s, fue capit\u00e1n de la selecci\u00f3n desde 2011.<\/p>\n<p>Messi termin\u00f3 por encima de Javier Mascherano, quien sum\u00f3 147 partidos con Argentina, para quedarse con el r\u00e9cord de presencias. Tambi\u00e9n super\u00f3 ampliamente a Gabriel Batistuta, que marc\u00f3 56 goles, y se convirti\u00f3 en el m\u00e1ximo goleador hist\u00f3rico de la selecci\u00f3n.<\/p>\n<h2>Messi y sus seis Mundiales<\/h2>\n<p><mark><strong>El delantero disput\u00f3 seis Copas del Mundo, desde Alemania 2006 hasta la edici\u00f3n de 2026 en M\u00e9xico, Estados Unidos y Canad\u00e1;<\/strong><\/mark>\u00a0particip\u00f3 en 34 partidos dentro de este torneo, en los que\u00a0<strong>marc\u00f3 21 goles.<\/strong><\/p>\n<p>Su mejor actuaci\u00f3n lleg\u00f3 en Qatar 2022, torneo en el que Argentina conquist\u00f3 el t\u00edtulo y Messi termin\u00f3 con siete goles y el Bal\u00f3n de Oro. Cuatro a\u00f1os despu\u00e9s, en\u00a0<a href=\"https:\/\/www.informador.mx\/mundial-2026-t139817\" target=\"_blank\" rel=\"noopener\"><strong>Norteam\u00e9rica 2026<\/strong><\/a>, volvi\u00f3 a tener una participaci\u00f3n destacada al disputar ocho encuentros y marcar ocho goles, aunque la Albiceleste termin\u00f3 como subcampeona tras perder ante Espa\u00f1a.<\/p>\n<p>Su recorrido mundialista tambi\u00e9n incluy\u00f3 los cuartos de final en Alemania 2006 y Sud\u00e1frica 2010, el subcampeonato y Bal\u00f3n de Oro en Brasil 2014 y los octavos de final en Rusia 2018.<\/p>\n<h2>Los t\u00edtulos que consigui\u00f3 con Argentina<\/h2>\n<p>La relaci\u00f3n de Messi con la Selecci\u00f3n Argentina tambi\u00e9n termin\u00f3 con una colecci\u00f3n de t\u00edtulos que durante a\u00f1os se le resistieron. El primero lleg\u00f3 con el Mundial Sub-20 de 2005, poco antes de su debut con la selecci\u00f3n mayor.<\/p>\n<p>En los Juegos Ol\u00edmpicos de Beijing 2008, consigui\u00f3 la medalla de oro con el equipo Sub-23.\u00a0<mark><strong>Con la selecci\u00f3n mayor, conquist\u00f3 la Copa Am\u00e9rica 2021, la Finalissima 2022, el Mundial de Qatar 2022 y la Copa Am\u00e9rica 2024.<\/strong><\/mark><\/p>\n<h3>Los seis t\u00edtulos de Messi con Argentina<\/h3>\n<ul>\n<li>Mundial Sub-20: 2005<\/li>\n<li>Oro ol\u00edmpico Sub-23: Beijing 2008<\/li>\n<li>Copa Am\u00e9rica: 2021<\/li>\n<li>Finalissima: 2022<\/li>\n<li>Copa del Mundo: 2022<\/li>\n<li>Copa Am\u00e9rica: 2024<\/li>\n<\/ul>\n<p>Despu\u00e9s de m\u00e1s de dos d\u00e9cadas, Lionel Messi se despide de la Selecci\u00f3n Argentina dejando 207 partidos, 125 goles y una historia que dif\u00edcilmente volver\u00e1 a repetirse.\u00a0<strong>El &#8220;10&#8221; cierra su etapa con la Albiceleste en lo m\u00e1s alto, convertido en una parte que nadie quitar\u00e1 de la historia del futbol argentino.<\/strong><\/p>\n","protected":false},"excerpt":{"rendered":"<p>Lionel Messi\u00a0puso punto final a una de las etapas m\u00e1s importantes de su carrera. Este lunes 31 de agosto de 2026, el delantero anunci\u00f3 en sus redes sociales su retiro de la Selecci\u00f3n Argentina, poniendo fin a\u00a0una historia que estuvo acompa\u00f1ada por t\u00edtulos, grandes partidos y momentos que quedar\u00e1n para siempre\u00a0en la memoria de los [&hellip;]<\/p>\n","protected":false},"author":2,"featured_media":269180,"comment_status":"closed","ping_status":"closed","sticky":false,"template":"","format":"standard","meta":{"footnotes":""},"categories":[188,12870],"tags":[5231,12865],"class_list":["post-269179","post","type-post","status-publish","format-standard","has-post-thumbnail","hentry","category-deportes","category-destacadas","tag-deportes","tag-destacadas"],"jetpack_featured_media_url":"https:\/\/rnoticias.com.mx\/Portal\/wp-content\/uploads\/2026\/08\/89f8cb3f2cab0ca750946a32fd42d870.webp","amp_enabled":true,"_links":{"self":[{"href":"https:\/\/rnoticias.com.mx\/Portal\/wp-json\/wp\/v2\/posts\/269179","targetHints":{"allow":["GET"]}}],"collection":[{"href":"https:\/\/rnoticias.com.mx\/Portal\/wp-json\/wp\/v2\/posts"}],"about":[{"href":"https:\/\/rnoticias.com.mx\/Portal\/wp-json\/wp\/v2\/types\/post"}],"author":[{"embeddable":true,"href":"https:\/\/rnoticias.com.mx\/Portal\/wp-json\/wp\/v2\/users\/2"}],"replies":[{"embeddable":true,"href":"https:\/\/rnoticias.com.mx\/Portal\/wp-json\/wp\/v2\/comments?post=269179"}],"version-history":[{"count":1,"href":"https:\/\/rnoticias.com.mx\/Portal\/wp-json\/wp\/v2\/posts\/269179\/revisions"}],"predecessor-version":[{"id":269181,"href":"https:\/\/rnoticias.com.mx\/Portal\/wp-json\/wp\/v2\/posts\/269179\/revisions\/269181"}],"wp:featuredmedia":[{"embeddable":true,"href":"https:\/\/rnoticias.com.mx\/Portal\/wp-json\/wp\/v2\/media\/269180"}],"wp:attachment":[{"href":"https:\/\/rnoticias.com.mx\/Portal\/wp-json\/wp\/v2\/media?parent=269179"}],"wp:term":[{"taxonomy":"category","embeddable":true,"href":"https:\/\/rnoticias.com.mx\/Portal\/wp-json\/wp\/v2\/categories?post=269179"},{"taxonomy":"post_tag","embeddable":true,"href":"https:\/\/rnoticias.com.mx\/Portal\/wp-json\/wp\/v2\/tags?post=269179"}],"curies":[{"name":"wp","href":"https:\/\/api.w.org\/{rel}","templated":true}]}}