{"id":269164,"date":"2026-08-31T10:09:17","date_gmt":"2026-08-31T17:09:17","guid":{"rendered":"https:\/\/rnoticias.com.mx\/Portal\/?p=269164"},"modified":"2026-08-31T10:09:17","modified_gmt":"2026-08-31T17:09:17","slug":"gobierno-de-sonora-conmemora-el-dia-nacional-de-las-personas-adultas-mayores","status":"publish","type":"post","link":"https:\/\/rnoticias.com.mx\/Portal\/2026\/08\/31\/gobierno-de-sonora-conmemora-el-dia-nacional-de-las-personas-adultas-mayores\/","title":{"rendered":"Gobierno de Sonora conmemora el D\u00eda Nacional de las Personas Adultas Mayores"},"content":{"rendered":"<p>Hermosillo, Sonora; 31 de agosto de 2026.- El Gobierno de Sonora, a trav\u00e9s del Instituto Sonorense para la Atenci\u00f3n de los Adultos Mayores (ISAAM) y los Centros de Desarrollo para Personas Adultas Mayores (CEDAM), realiz\u00f3 una jornada de servicios gratuitos a personas adultas mayores de Hermosillo, Agua Prieta y Cajeme.<\/p>\n<p>En el marco del D\u00eda Nacional de las Personas Adultas Mayores, que se celebra el 28 de agosto, se brindaron m\u00faltiples beneficios, los cuales contribuyen a superar la vulnerabilidad de este sector etario.<\/p>\n<p>Durante la jornada de belleza que se brind\u00f3, tuvieron servicio de barber\u00eda, corte de cabello, maquillaje, gelish, entre muchos m\u00e1s. Tambi\u00e9n recibieron postres por parte de Pasteler\u00eda Imperial Olivos y DeMare Pasteler\u00eda, as\u00ed como una comida por parte de Taquer\u00eda Nieblas.<\/p>\n<p>Se vieron beneficiados y beneficiadas con servicio odontol\u00f3gico gratuito, consultas m\u00e9dicas individuales, vacuna de neumococo, masajes hol\u00edsticos, actas de nacimiento gratuitas y descuentos en servicios de agua.<\/p>\n<p>Adem\u00e1s, recibieron una capacitaci\u00f3n de primeros auxilios y pl\u00e1ticas informativas por parte de los Bomberos, Centro Estatal de Trasplantes (Ceestra), Movimiento Generacional Sonorense A. C. y muchas dependencias, quienes brindaron sus servicios de manera gratuita para contribuir a su calidad de vida.<\/p>\n<p>Para finalizar el d\u00eda, la Comisi\u00f3n Estatal de Derechos Humanos (CEDH) les brind\u00f3 a las y los asistentes un agradable momento de diversi\u00f3n y concientizaci\u00f3n, ya que participaron en un bingo con tem\u00e1tica acerca de los derechos humanos.<\/p>\n<p>Con el respaldo del Gobierno de Sonora, el ISAAM refrenda su compromiso de continuar generando alianzas estrat\u00e9gicas que contribuyan a consolidar una sociedad m\u00e1s incluyente, solidaria y con mayores oportunidades para este sector de la poblaci\u00f3n.<\/p>\n","protected":false},"excerpt":{"rendered":"<p>Hermosillo, Sonora; 31 de agosto de 2026.- El Gobierno de Sonora, a trav\u00e9s del Instituto Sonorense para la Atenci\u00f3n de los Adultos Mayores (ISAAM) y los Centros de Desarrollo para Personas Adultas Mayores (CEDAM), realiz\u00f3 una jornada de servicios gratuitos a personas adultas mayores de Hermosillo, Agua Prieta y Cajeme. En el marco del D\u00eda [&hellip;]<\/p>\n","protected":false},"author":2,"featured_media":269165,"comment_status":"closed","ping_status":"closed","sticky":false,"template":"","format":"standard","meta":{"footnotes":""},"categories":[178],"tags":[12869],"class_list":["post-269164","post","type-post","status-publish","format-standard","has-post-thumbnail","hentry","category-local","tag-local"],"jetpack_featured_media_url":"https:\/\/rnoticias.com.mx\/Portal\/wp-content\/uploads\/2026\/08\/453.jpg","amp_enabled":true,"_links":{"self":[{"href":"https:\/\/rnoticias.com.mx\/Portal\/wp-json\/wp\/v2\/posts\/269164","targetHints":{"allow":["GET"]}}],"collection":[{"href":"https:\/\/rnoticias.com.mx\/Portal\/wp-json\/wp\/v2\/posts"}],"about":[{"href":"https:\/\/rnoticias.com.mx\/Portal\/wp-json\/wp\/v2\/types\/post"}],"author":[{"embeddable":true,"href":"https:\/\/rnoticias.com.mx\/Portal\/wp-json\/wp\/v2\/users\/2"}],"replies":[{"embeddable":true,"href":"https:\/\/rnoticias.com.mx\/Portal\/wp-json\/wp\/v2\/comments?post=269164"}],"version-history":[{"count":1,"href":"https:\/\/rnoticias.com.mx\/Portal\/wp-json\/wp\/v2\/posts\/269164\/revisions"}],"predecessor-version":[{"id":269166,"href":"https:\/\/rnoticias.com.mx\/Portal\/wp-json\/wp\/v2\/posts\/269164\/revisions\/269166"}],"wp:featuredmedia":[{"embeddable":true,"href":"https:\/\/rnoticias.com.mx\/Portal\/wp-json\/wp\/v2\/media\/269165"}],"wp:attachment":[{"href":"https:\/\/rnoticias.com.mx\/Portal\/wp-json\/wp\/v2\/media?parent=269164"}],"wp:term":[{"taxonomy":"category","embeddable":true,"href":"https:\/\/rnoticias.com.mx\/Portal\/wp-json\/wp\/v2\/categories?post=269164"},{"taxonomy":"post_tag","embeddable":true,"href":"https:\/\/rnoticias.com.mx\/Portal\/wp-json\/wp\/v2\/tags?post=269164"}],"curies":[{"name":"wp","href":"https:\/\/api.w.org\/{rel}","templated":true}]}}