{"id":269161,"date":"2026-08-31T10:07:38","date_gmt":"2026-08-31T17:07:38","guid":{"rendered":"https:\/\/rnoticias.com.mx\/Portal\/?p=269161"},"modified":"2026-08-31T10:07:38","modified_gmt":"2026-08-31T17:07:38","slug":"gobierno-de-sonora-fortalece-alianzas-para-impulsar-inversion-y-desarrollo-economico-en-asamblea-nacional-de-la-amsde","status":"publish","type":"post","link":"https:\/\/rnoticias.com.mx\/Portal\/2026\/08\/31\/gobierno-de-sonora-fortalece-alianzas-para-impulsar-inversion-y-desarrollo-economico-en-asamblea-nacional-de-la-amsde\/","title":{"rendered":"Gobierno de Sonora fortalece alianzas para impulsar inversi\u00f3n y desarrollo econ\u00f3mico en Asamblea Nacional de la AMSDE"},"content":{"rendered":"<p>Saltillo, Coahuila; 31 de agosto de 2026.- El Gobierno de Sonora, a trav\u00e9s de la Secretar\u00eda de Econom\u00eda y Turismo (SETUR), fortaleci\u00f3 la coordinaci\u00f3n con las entidades federativas del pa\u00eds para impulsar nuevas oportunidades de inversi\u00f3n, desarrollo econ\u00f3mico y competitividad, durante la Tercera Asamblea General Ordinaria 2026 de la Asociaci\u00f3n Mexicana de Secretarios de Desarrollo Econ\u00f3mico (AMSDE).<\/p>\n<p>El secretario de Econom\u00eda y Turismo, Roberto Gradillas Pineda, se\u00f1al\u00f3 que, bajo el liderazgo del gobernador Alfonso Durazo Monta\u00f1o, Sonora mantiene una participaci\u00f3n activa en los principales espacios nacionales de di\u00e1logo y colaboraci\u00f3n econ\u00f3mica, con el objetivo de promover las ventajas competitivas del estado y generar condiciones que permitan atraer nuevas inversiones y empleos para las familias sonorenses.<\/p>\n<p>Durante la asamblea celebrada en Saltillo, Coahuila, representantes de las entidades federativas construyeron acuerdos y analizaron estrategias en materia de transformaci\u00f3n digital, industria, comercio exterior y fortalecimiento de proveedores locales, como herramientas fundamentales para elevar la competitividad de las regiones.<\/p>\n<p>\u201cSiguiendo la visi\u00f3n del gobernador Alfonso Durazo, abordamos temas relacionados con resiliencia empresarial, inteligencia econ\u00f3mica y atracci\u00f3n de inversiones, ante las oportunidades que presenta actualmente M\u00e9xico dentro de las cadenas globales de manufactura y proveedur\u00eda. Sonora cuenta con capacidades industriales, talento humano y una ubicaci\u00f3n estrat\u00e9gica que permiten continuar posicion\u00e1ndolo como un destino competitivo para la inversi\u00f3n nacional e internacional\u201d, expres\u00f3.<\/p>\n<p>Con estas acciones, el Gobierno de Sonora contin\u00faa trabajando de manera coordinada con la AMSDE, los gobiernos estatales y el sector empresarial para convertir estas alianzas en proyectos que generen crecimiento econ\u00f3mico, empleos y mayor bienestar para las y los sonorenses.<\/p>\n","protected":false},"excerpt":{"rendered":"<p>Saltillo, Coahuila; 31 de agosto de 2026.- El Gobierno de Sonora, a trav\u00e9s de la Secretar\u00eda de Econom\u00eda y Turismo (SETUR), fortaleci\u00f3 la coordinaci\u00f3n con las entidades federativas del pa\u00eds para impulsar nuevas oportunidades de inversi\u00f3n, desarrollo econ\u00f3mico y competitividad, durante la Tercera Asamblea General Ordinaria 2026 de la Asociaci\u00f3n Mexicana de Secretarios de Desarrollo [&hellip;]<\/p>\n","protected":false},"author":2,"featured_media":269162,"comment_status":"closed","ping_status":"closed","sticky":false,"template":"","format":"standard","meta":{"footnotes":""},"categories":[178],"tags":[12869],"class_list":["post-269161","post","type-post","status-publish","format-standard","has-post-thumbnail","hentry","category-local","tag-local"],"jetpack_featured_media_url":"https:\/\/rnoticias.com.mx\/Portal\/wp-content\/uploads\/2026\/08\/92-3.jpg","amp_enabled":true,"_links":{"self":[{"href":"https:\/\/rnoticias.com.mx\/Portal\/wp-json\/wp\/v2\/posts\/269161","targetHints":{"allow":["GET"]}}],"collection":[{"href":"https:\/\/rnoticias.com.mx\/Portal\/wp-json\/wp\/v2\/posts"}],"about":[{"href":"https:\/\/rnoticias.com.mx\/Portal\/wp-json\/wp\/v2\/types\/post"}],"author":[{"embeddable":true,"href":"https:\/\/rnoticias.com.mx\/Portal\/wp-json\/wp\/v2\/users\/2"}],"replies":[{"embeddable":true,"href":"https:\/\/rnoticias.com.mx\/Portal\/wp-json\/wp\/v2\/comments?post=269161"}],"version-history":[{"count":1,"href":"https:\/\/rnoticias.com.mx\/Portal\/wp-json\/wp\/v2\/posts\/269161\/revisions"}],"predecessor-version":[{"id":269163,"href":"https:\/\/rnoticias.com.mx\/Portal\/wp-json\/wp\/v2\/posts\/269161\/revisions\/269163"}],"wp:featuredmedia":[{"embeddable":true,"href":"https:\/\/rnoticias.com.mx\/Portal\/wp-json\/wp\/v2\/media\/269162"}],"wp:attachment":[{"href":"https:\/\/rnoticias.com.mx\/Portal\/wp-json\/wp\/v2\/media?parent=269161"}],"wp:term":[{"taxonomy":"category","embeddable":true,"href":"https:\/\/rnoticias.com.mx\/Portal\/wp-json\/wp\/v2\/categories?post=269161"},{"taxonomy":"post_tag","embeddable":true,"href":"https:\/\/rnoticias.com.mx\/Portal\/wp-json\/wp\/v2\/tags?post=269161"}],"curies":[{"name":"wp","href":"https:\/\/api.w.org\/{rel}","templated":true}]}}