{"id":269148,"date":"2026-08-31T09:38:32","date_gmt":"2026-08-31T16:38:32","guid":{"rendered":"https:\/\/rnoticias.com.mx\/Portal\/?p=269148"},"modified":"2026-08-31T09:38:32","modified_gmt":"2026-08-31T16:38:32","slug":"recibira-gobierno-de-sonora-a-30-mil-estudiantes-en-cobach-con-el-inicio-de-clases","status":"publish","type":"post","link":"https:\/\/rnoticias.com.mx\/Portal\/2026\/08\/31\/recibira-gobierno-de-sonora-a-30-mil-estudiantes-en-cobach-con-el-inicio-de-clases\/","title":{"rendered":"Recibir\u00e1 Gobierno de Sonora a 30 mil estudiantes en Cobach con el inicio de clases"},"content":{"rendered":"<p>Hermosillo, Sonora; 31 de agosto de 2026.- El Gobierno de Sonora, a trav\u00e9s del Colegio de Bachilleres del Estado de Sonora (Cobach), recibir\u00e1 a 30 mil estudiantes que este lunes 31 de agosto entrar\u00e1n a clases para iniciar de manera formal el ciclo escolar 2026-2027 en los 30 planteles del subsistema educativo en la entidad.<\/p>\n<p>Las aulas est\u00e1n listas y el personal docente se encuentra preparado para recibir al alumnado en el arranque de actividades escolares, entre ellos, cerca de 11 mil alumnos de nuevo ingreso que asistieron a los cursos de inducci\u00f3n y proped\u00e9uticos, realizados previamente del 24 al 28 de agosto.<\/p>\n<p>De acuerdo con lo programado en el calendario escolar del Cobach, indic\u00f3 el directivo, el semestre non inicia el 31 de agosto y finaliza el 15 de diciembre, mientras que el \u00faltimo d\u00eda de clases y los ex\u00e1menes parciales se llevar\u00e1n a cabo los d\u00edas 16, 17 y 18 del mismo mes.<\/p>\n<p>El siguiente semestre, llamado par, de dicho ciclo escolar iniciar\u00e1 el 2 de febrero de 2027 y terminar\u00e1 el 7 de junio del mismo a\u00f1o, con los ex\u00e1menes del tercer parcial final, que se aplicar\u00e1n los d\u00edas 8, 9 y 10 de ese mes.<\/p>\n<p>Directivos y docentes est\u00e1n preparados para recibir a los estudiantes, adem\u00e1s de que ya se realizaron reuniones de la Comunidad del Aprendizaje y las jornadas de preparaci\u00f3n acad\u00e9mica con el personal involucrado.<\/p>\n","protected":false},"excerpt":{"rendered":"<p>Hermosillo, Sonora; 31 de agosto de 2026.- El Gobierno de Sonora, a trav\u00e9s del Colegio de Bachilleres del Estado de Sonora (Cobach), recibir\u00e1 a 30 mil estudiantes que este lunes 31 de agosto entrar\u00e1n a clases para iniciar de manera formal el ciclo escolar 2026-2027 en los 30 planteles del subsistema educativo en la entidad. [&hellip;]<\/p>\n","protected":false},"author":2,"featured_media":269149,"comment_status":"closed","ping_status":"closed","sticky":false,"template":"","format":"standard","meta":{"footnotes":""},"categories":[12870,178],"tags":[12865,12869],"class_list":["post-269148","post","type-post","status-publish","format-standard","has-post-thumbnail","hentry","category-destacadas","category-local","tag-destacadas","tag-local"],"jetpack_featured_media_url":"https:\/\/rnoticias.com.mx\/Portal\/wp-content\/uploads\/2026\/08\/6-9.jpg","amp_enabled":true,"_links":{"self":[{"href":"https:\/\/rnoticias.com.mx\/Portal\/wp-json\/wp\/v2\/posts\/269148","targetHints":{"allow":["GET"]}}],"collection":[{"href":"https:\/\/rnoticias.com.mx\/Portal\/wp-json\/wp\/v2\/posts"}],"about":[{"href":"https:\/\/rnoticias.com.mx\/Portal\/wp-json\/wp\/v2\/types\/post"}],"author":[{"embeddable":true,"href":"https:\/\/rnoticias.com.mx\/Portal\/wp-json\/wp\/v2\/users\/2"}],"replies":[{"embeddable":true,"href":"https:\/\/rnoticias.com.mx\/Portal\/wp-json\/wp\/v2\/comments?post=269148"}],"version-history":[{"count":2,"href":"https:\/\/rnoticias.com.mx\/Portal\/wp-json\/wp\/v2\/posts\/269148\/revisions"}],"predecessor-version":[{"id":269151,"href":"https:\/\/rnoticias.com.mx\/Portal\/wp-json\/wp\/v2\/posts\/269148\/revisions\/269151"}],"wp:featuredmedia":[{"embeddable":true,"href":"https:\/\/rnoticias.com.mx\/Portal\/wp-json\/wp\/v2\/media\/269149"}],"wp:attachment":[{"href":"https:\/\/rnoticias.com.mx\/Portal\/wp-json\/wp\/v2\/media?parent=269148"}],"wp:term":[{"taxonomy":"category","embeddable":true,"href":"https:\/\/rnoticias.com.mx\/Portal\/wp-json\/wp\/v2\/categories?post=269148"},{"taxonomy":"post_tag","embeddable":true,"href":"https:\/\/rnoticias.com.mx\/Portal\/wp-json\/wp\/v2\/tags?post=269148"}],"curies":[{"name":"wp","href":"https:\/\/api.w.org\/{rel}","templated":true}]}}