{"id":269142,"date":"2026-08-31T09:31:16","date_gmt":"2026-08-31T16:31:16","guid":{"rendered":"https:\/\/rnoticias.com.mx\/Portal\/?p=269142"},"modified":"2026-08-31T09:31:16","modified_gmt":"2026-08-31T16:31:16","slug":"acercara-salud-sonora-servicios-preventivos-a-familias-de-guaymas-cumpas-y-moctezuma","status":"publish","type":"post","link":"https:\/\/rnoticias.com.mx\/Portal\/2026\/08\/31\/acercara-salud-sonora-servicios-preventivos-a-familias-de-guaymas-cumpas-y-moctezuma\/","title":{"rendered":"Acercar\u00e1 Salud Sonora servicios preventivos a familias de Guaymas, Cumpas y Moctezuma"},"content":{"rendered":"<p>Hermosillo, Sonora; 30 de agosto de 2026.- El Gobierno de Sonora, mediante la Secretar\u00eda de Salud P\u00fablica (SSP), invita a familias de Guaymas, Cumpas y Moctezuma a aprovechar las Cl\u00ednicas M\u00f3viles de Medicina Preventiva.<\/p>\n<p>Las jornadas iniciar\u00e1n el lunes 31 de agosto en Guaymas, con atenci\u00f3n en Plaza Centenario, de 8:00 a 11:00 horas, acercando servicios preventivos.<\/p>\n<p>Ese mismo lunes, las unidades tambi\u00e9n atender\u00e1n en Rah\u00fam, en el Polideportivo Rah\u00fam, de 8:30 a 11:30 horas, facilitando atenci\u00f3n m\u00e9dica a familias.<\/p>\n<p>El martes 1 de septiembre, las Cl\u00ednicas M\u00f3viles llegar\u00e1n a Cumpas y brindar\u00e1n atenci\u00f3n en la explanada del DIF Municipal, de 10:30 a 13:00.<\/p>\n<p>Posteriormente, el mi\u00e9rcoles 2 de septiembre, las unidades estar\u00e1n en Moctezuma, instaladas en la explanada del DIF Municipal, ofreciendo servicios gratuitos de 9:00 a 12:00.<\/p>\n<p>La SSP reitera la invitaci\u00f3n a acudir y aprovechar estos servicios, que acercan prevenci\u00f3n, orientaci\u00f3n y atenci\u00f3n gratuita directamente a las comunidades.<\/p>\n","protected":false},"excerpt":{"rendered":"<p>Hermosillo, Sonora; 30 de agosto de 2026.- El Gobierno de Sonora, mediante la Secretar\u00eda de Salud P\u00fablica (SSP), invita a familias de Guaymas, Cumpas y Moctezuma a aprovechar las Cl\u00ednicas M\u00f3viles de Medicina Preventiva. Las jornadas iniciar\u00e1n el lunes 31 de agosto en Guaymas, con atenci\u00f3n en Plaza Centenario, de 8:00 a 11:00 horas, acercando [&hellip;]<\/p>\n","protected":false},"author":2,"featured_media":269143,"comment_status":"closed","ping_status":"closed","sticky":false,"template":"","format":"standard","meta":{"footnotes":""},"categories":[12870,174],"tags":[12865,12873],"class_list":["post-269142","post","type-post","status-publish","format-standard","has-post-thumbnail","hentry","category-destacadas","category-estatal","tag-destacadas","tag-estatal"],"jetpack_featured_media_url":"https:\/\/rnoticias.com.mx\/Portal\/wp-content\/uploads\/2026\/08\/3e.jpg","amp_enabled":true,"_links":{"self":[{"href":"https:\/\/rnoticias.com.mx\/Portal\/wp-json\/wp\/v2\/posts\/269142","targetHints":{"allow":["GET"]}}],"collection":[{"href":"https:\/\/rnoticias.com.mx\/Portal\/wp-json\/wp\/v2\/posts"}],"about":[{"href":"https:\/\/rnoticias.com.mx\/Portal\/wp-json\/wp\/v2\/types\/post"}],"author":[{"embeddable":true,"href":"https:\/\/rnoticias.com.mx\/Portal\/wp-json\/wp\/v2\/users\/2"}],"replies":[{"embeddable":true,"href":"https:\/\/rnoticias.com.mx\/Portal\/wp-json\/wp\/v2\/comments?post=269142"}],"version-history":[{"count":1,"href":"https:\/\/rnoticias.com.mx\/Portal\/wp-json\/wp\/v2\/posts\/269142\/revisions"}],"predecessor-version":[{"id":269144,"href":"https:\/\/rnoticias.com.mx\/Portal\/wp-json\/wp\/v2\/posts\/269142\/revisions\/269144"}],"wp:featuredmedia":[{"embeddable":true,"href":"https:\/\/rnoticias.com.mx\/Portal\/wp-json\/wp\/v2\/media\/269143"}],"wp:attachment":[{"href":"https:\/\/rnoticias.com.mx\/Portal\/wp-json\/wp\/v2\/media?parent=269142"}],"wp:term":[{"taxonomy":"category","embeddable":true,"href":"https:\/\/rnoticias.com.mx\/Portal\/wp-json\/wp\/v2\/categories?post=269142"},{"taxonomy":"post_tag","embeddable":true,"href":"https:\/\/rnoticias.com.mx\/Portal\/wp-json\/wp\/v2\/tags?post=269142"}],"curies":[{"name":"wp","href":"https:\/\/api.w.org\/{rel}","templated":true}]}}