{"id":269136,"date":"2026-08-31T09:03:13","date_gmt":"2026-08-31T16:03:13","guid":{"rendered":"https:\/\/rnoticias.com.mx\/Portal\/?p=269136"},"modified":"2026-08-31T09:03:13","modified_gmt":"2026-08-31T16:03:13","slug":"morena-elige-a-higinio-martinez-para-presidir-el-senado-norona-descalifica-el-proceso","status":"publish","type":"post","link":"https:\/\/rnoticias.com.mx\/Portal\/2026\/08\/31\/morena-elige-a-higinio-martinez-para-presidir-el-senado-norona-descalifica-el-proceso\/","title":{"rendered":"Morena elige a Higinio Mart\u00ednez para presidir el Senado; Noro\u00f1a descalifica el proceso"},"content":{"rendered":"<div>\n<p>Higinio Mart\u00ednez Miranda fue designado por Morena como presidente de la Mesa Directiva del Senado de la Rep\u00fablica ante el tercer a\u00f1o de la\u00a0\u00a0LXVI legislatura.<\/p>\n<p>La decisi\u00f3n se tom\u00f3 despu\u00e9s de una asamblea de dos horas. Si la determinaci\u00f3n es aprobada por el Pleno, el pol\u00edtico se adentrar\u00eda a una carrera de 50 a\u00f1os, donde sumar\u00eda un tercer periodo como senador.<\/p>\n<\/div>\n<div>\n<p>En conferencia de prensa, el funcionario asegur\u00f3 que buscar\u00e1 representar a los 128 senadores y senadoras a trav\u00e9s de la conducci\u00f3n institucional.<\/p>\n<p>&#8220;Siempre he buscado el di\u00e1logo, el acuerdo y la negociaci\u00f3n, porque as\u00ed se hace la pol\u00edtica y eso debe dar resultados&#8221;, se\u00f1al\u00f3.<\/p>\n<p>Respecto a la ausencia de Gerardo Fern\u00e1ndez Noro\u00f1a y de otros senadores durante la plenaria, Mart\u00ednez Miranda dijo desconocer las razones por las que no acudieron y consider\u00f3 que corresponde a cada legislador explicar sus decisiones.<\/p>\n<h3>Noro\u00f1a se\u00f1ala &#8220;connivencia&#8221; con la oposici\u00f3n<\/h3>\n<p>Tras la designaci\u00f3n de Mart\u00ednez Miranda como presidente de la Mesa Directiva del Senado, Gerardo Fern\u00e1ndez Noro\u00f1a acus\u00f3 que la decisi\u00f3n no fue un\u00e1nime.<\/p>\n<p>Al no acudir a la asamblea, el senador public\u00f3 un comunicado en sus redes sociales\u00a0en el que afirma que se opt\u00f3 por una presidencia &#8220;de connivencia&#8221; con la oposici\u00f3n.<\/p>\n<p>&#8220;Lo que me preocupa es que nuestro movimiento camina a pasos agigantados al verticalismo y hasta donde recuerdo, esa fue una de las taras que combatimos del sistema pol\u00edtico autoritario dominante y, lo combatimos por d\u00e9cadas\u201d, asegura.<\/p>\n<p>\u201cTermino planteando lo obvio, mi ausencia es la ruptura del consenso. No soy parte de ese acuerdo y conscientemente rechazo serlo. No es una discusi\u00f3n por inclusi\u00f3n o reparto alguno de posiciones. Soy senador de la Rep\u00fablica y es una muy alta dignidad dentro de las responsabilidades en que se puede servir a nuestro Pueblo y a la Patria. Ahora, ya no tengo aspiraci\u00f3n alguna dentro del Senado\u201d, finaliza.<\/p>\n<\/div>\n","protected":false},"excerpt":{"rendered":"<p>Higinio Mart\u00ednez Miranda fue designado por Morena como presidente de la Mesa Directiva del Senado de la Rep\u00fablica ante el tercer a\u00f1o de la\u00a0\u00a0LXVI legislatura. La decisi\u00f3n se tom\u00f3 despu\u00e9s de una asamblea de dos horas. Si la determinaci\u00f3n es aprobada por el Pleno, el pol\u00edtico se adentrar\u00eda a una carrera de 50 a\u00f1os, donde [&hellip;]<\/p>\n","protected":false},"author":2,"featured_media":269137,"comment_status":"closed","ping_status":"closed","sticky":false,"template":"","format":"standard","meta":{"footnotes":""},"categories":[12870,12868],"tags":[12865,12879],"class_list":["post-269136","post","type-post","status-publish","format-standard","has-post-thumbnail","hentry","category-destacadas","category-politica","tag-destacadas","tag-politica"],"jetpack_featured_media_url":"https:\/\/rnoticias.com.mx\/Portal\/wp-content\/uploads\/2026\/08\/09d988f5-ac0d-4d1e-a960-dd4bf8098a5b.jpeg","amp_enabled":true,"_links":{"self":[{"href":"https:\/\/rnoticias.com.mx\/Portal\/wp-json\/wp\/v2\/posts\/269136","targetHints":{"allow":["GET"]}}],"collection":[{"href":"https:\/\/rnoticias.com.mx\/Portal\/wp-json\/wp\/v2\/posts"}],"about":[{"href":"https:\/\/rnoticias.com.mx\/Portal\/wp-json\/wp\/v2\/types\/post"}],"author":[{"embeddable":true,"href":"https:\/\/rnoticias.com.mx\/Portal\/wp-json\/wp\/v2\/users\/2"}],"replies":[{"embeddable":true,"href":"https:\/\/rnoticias.com.mx\/Portal\/wp-json\/wp\/v2\/comments?post=269136"}],"version-history":[{"count":1,"href":"https:\/\/rnoticias.com.mx\/Portal\/wp-json\/wp\/v2\/posts\/269136\/revisions"}],"predecessor-version":[{"id":269138,"href":"https:\/\/rnoticias.com.mx\/Portal\/wp-json\/wp\/v2\/posts\/269136\/revisions\/269138"}],"wp:featuredmedia":[{"embeddable":true,"href":"https:\/\/rnoticias.com.mx\/Portal\/wp-json\/wp\/v2\/media\/269137"}],"wp:attachment":[{"href":"https:\/\/rnoticias.com.mx\/Portal\/wp-json\/wp\/v2\/media?parent=269136"}],"wp:term":[{"taxonomy":"category","embeddable":true,"href":"https:\/\/rnoticias.com.mx\/Portal\/wp-json\/wp\/v2\/categories?post=269136"},{"taxonomy":"post_tag","embeddable":true,"href":"https:\/\/rnoticias.com.mx\/Portal\/wp-json\/wp\/v2\/tags?post=269136"}],"curies":[{"name":"wp","href":"https:\/\/api.w.org\/{rel}","templated":true}]}}