{"id":264404,"date":"2026-07-17T15:08:33","date_gmt":"2026-07-17T22:08:33","guid":{"rendered":"https:\/\/rnoticias.com.mx\/Portal\/?p=264404"},"modified":"2026-07-17T15:08:33","modified_gmt":"2026-07-17T22:08:33","slug":"trump-amenaza-a-canada-con-aranceles-por-negligencia-en-incendios-forestales","status":"publish","type":"post","link":"https:\/\/rnoticias.com.mx\/Portal\/2026\/07\/17\/trump-amenaza-a-canada-con-aranceles-por-negligencia-en-incendios-forestales\/","title":{"rendered":"Trump amenaza a Canad\u00e1 con aranceles por negligencia en incendios forestales"},"content":{"rendered":"<p>Hace unos momentos, el presidente de Estados Unidos,\u00a0<strong>Donald Trump, amenaz\u00f3 con aumentar los aranceles a Canad\u00e1\u00a0<\/strong>tras acusarlos de<strong>\u00a0negligencia por los incendios\u00a0<\/strong>que asolan el pa\u00eds y que<strong>\u00a0han afectado la calidad del aire en ciudades estadounidenses.<\/strong><\/p>\n<h2>Trump amenaza a Canad\u00e1 por negligencia<\/h2>\n<p><mark>&#8220;Se trata de una negligencia deliberada que<strong>\u00a0se est\u00e1 convirtiendo en un fen\u00f3meno anual y que cuesta a Estados Unidos miles de millones de d\u00f3lares;<\/strong>\u00a0el<strong>\u00a0costo de esta contaminaci\u00f3n debe sumarse necesariamente a los aranceles que Canad\u00e1 paga actualmente<\/strong>&#8220;, escribi\u00f3 el mandatario en su red Truth Social.<\/mark><\/p>\n<p><strong>Trump\u00a0<\/strong>responsabiliz\u00f3 a\u00a0<strong>Canad\u00e1\u00a0<\/strong>&#8220;por no mantener adecuadamente sus bosques y la maleza que contienen, lo que provoca que<strong>\u00a0Estados Unidos<\/strong>\u00a0sufra una\u00a0<strong>invasi\u00f3n innecesaria de aire sucio, contaminado y nocivo, cuya calidad es peligrosa y totalmente inaceptable&#8221;.<\/strong><\/p>\n<p>El jefe de Estado afirm\u00f3 que llamar\u00eda al primer ministro canadiense,\u00a0<strong>Mark Carney<\/strong>, y denunci\u00f3 que &#8220;<strong>Canad\u00e1\u00a0<\/strong>se ha negado a llevar a cabo tareas b\u00e1sicas de gesti\u00f3n forestal y de retiro de residuos, a sabiendas de que dicha negativa conducir\u00eda precisamente a este resultado&#8221;.<\/p>\n<p>Los incendios forestales que azotan\u00a0<strong>Canad\u00e1\u00a0<\/strong>siguen llevando a partes de\u00a0<strong>Estados Unidos\u00a0<\/strong>grandes columnas de humo que mantienen bajo alerta a amplias zonas del pa\u00eds por sus efectos sobre la salud.<\/p>\n<p>&nbsp;<\/p>\n<h2>Estados fronterizos mantienen alertas<\/h2>\n<p>El\u00a0<strong>Servicio Nacional de Meteorolog\u00eda<\/strong>\u00a0(NWS, en ingl\u00e9s) mantiene este viernes\u00a0<strong>alertas generalizadas<\/strong>\u00a0respecto a la calidad del aire en gran parte de la regi\u00f3n de los Grandes Lagos, hasta New England y el Medio Atl\u00e1ntico.<\/p>\n<p>En total,\u00a0<strong>m\u00e1s de cien millones de personas en dieciocho estados y el Distrito de Columbia se encuentran bajo estas alertas debido a la presencia de part\u00edculas finas contaminantes<\/strong>\u00a0procedentes del humo de estos incendios.<\/p>\n<p>Actualmente, hay m\u00e1s de<strong>\u00a0ochocientos incendios forestales activos en Canad\u00e1<\/strong>\u00a0y el humo contin\u00faa desplaz\u00e1ndose hacia el sur impulsado por los vientos.<\/p>\n","protected":false},"excerpt":{"rendered":"<p>Hace unos momentos, el presidente de Estados Unidos,\u00a0Donald Trump, amenaz\u00f3 con aumentar los aranceles a Canad\u00e1\u00a0tras acusarlos de\u00a0negligencia por los incendios\u00a0que asolan el pa\u00eds y que\u00a0han afectado la calidad del aire en ciudades estadounidenses. Trump amenaza a Canad\u00e1 por negligencia &#8220;Se trata de una negligencia deliberada que\u00a0se est\u00e1 convirtiendo en un fen\u00f3meno anual y que [&hellip;]<\/p>\n","protected":false},"author":2,"featured_media":264405,"comment_status":"closed","ping_status":"closed","sticky":false,"template":"","format":"standard","meta":{"footnotes":""},"categories":[12870,182],"tags":[12865,12871],"class_list":["post-264404","post","type-post","status-publish","format-standard","has-post-thumbnail","hentry","category-destacadas","category-internacional","tag-destacadas","tag-internacional"],"jetpack_featured_media_url":"https:\/\/rnoticias.com.mx\/Portal\/wp-content\/uploads\/2026\/07\/93.jpg","amp_enabled":true,"_links":{"self":[{"href":"https:\/\/rnoticias.com.mx\/Portal\/wp-json\/wp\/v2\/posts\/264404","targetHints":{"allow":["GET"]}}],"collection":[{"href":"https:\/\/rnoticias.com.mx\/Portal\/wp-json\/wp\/v2\/posts"}],"about":[{"href":"https:\/\/rnoticias.com.mx\/Portal\/wp-json\/wp\/v2\/types\/post"}],"author":[{"embeddable":true,"href":"https:\/\/rnoticias.com.mx\/Portal\/wp-json\/wp\/v2\/users\/2"}],"replies":[{"embeddable":true,"href":"https:\/\/rnoticias.com.mx\/Portal\/wp-json\/wp\/v2\/comments?post=264404"}],"version-history":[{"count":1,"href":"https:\/\/rnoticias.com.mx\/Portal\/wp-json\/wp\/v2\/posts\/264404\/revisions"}],"predecessor-version":[{"id":264406,"href":"https:\/\/rnoticias.com.mx\/Portal\/wp-json\/wp\/v2\/posts\/264404\/revisions\/264406"}],"wp:featuredmedia":[{"embeddable":true,"href":"https:\/\/rnoticias.com.mx\/Portal\/wp-json\/wp\/v2\/media\/264405"}],"wp:attachment":[{"href":"https:\/\/rnoticias.com.mx\/Portal\/wp-json\/wp\/v2\/media?parent=264404"}],"wp:term":[{"taxonomy":"category","embeddable":true,"href":"https:\/\/rnoticias.com.mx\/Portal\/wp-json\/wp\/v2\/categories?post=264404"},{"taxonomy":"post_tag","embeddable":true,"href":"https:\/\/rnoticias.com.mx\/Portal\/wp-json\/wp\/v2\/tags?post=264404"}],"curies":[{"name":"wp","href":"https:\/\/api.w.org\/{rel}","templated":true}]}}