{"id":264275,"date":"2026-07-16T19:54:51","date_gmt":"2026-07-17T02:54:51","guid":{"rendered":"https:\/\/rnoticias.com.mx\/Portal\/?p=264275"},"modified":"2026-07-16T19:54:51","modified_gmt":"2026-07-17T02:54:51","slug":"tv-azteca-anuncia-programa-de-sensibilizacion-tras-polemica-por-comentarios-de-pedro-sola","status":"publish","type":"post","link":"https:\/\/rnoticias.com.mx\/Portal\/2026\/07\/16\/tv-azteca-anuncia-programa-de-sensibilizacion-tras-polemica-por-comentarios-de-pedro-sola\/","title":{"rendered":"TV Azteca anuncia programa de sensibilizaci\u00f3n tras pol\u00e9mica por comentarios de Pedro Sola"},"content":{"rendered":"<p><strong>TV Azteca<\/strong>\u00a0fij\u00f3 su postura tras la controversia generada por las declaraciones de Pedro Sola sobre los perros y anunci\u00f3 que pondr\u00e1 en marcha un programa de sensibilizaci\u00f3n y educaci\u00f3n sobre bienestar animal dirigido a sus colaboradores.<strong>\u00a0El posicionamiento fue le\u00eddo al aire por Pati Chapoy, junto a M\u00f3nica Casta\u00f1eda, Ricardo Manjarrez y el propio Pedro Sola durante la emisi\u00f3n de Ventaneando.<\/strong><\/p>\n<p>La empresa reiter\u00f3 su compromiso con la protecci\u00f3n animal y se\u00f1al\u00f3:\u00a0<strong>\u201cEn TV Azteca y Grupo Salinas creemos firmemente en la protecci\u00f3n animal y el respeto por todos los seres vivos\u201d<\/strong>. Asimismo, record\u00f3 que durante a\u00f1os ha respaldado a asociaciones y ciudadanos dedicados al cuidado de los animales:<strong>\u00a0\u201cHemos acompa\u00f1ado a fundaciones, l\u00edderes ecologistas, organizaciones sociales y ciudadanos comprometidos con la protecci\u00f3n y el cuidado de los animales\u2026 siempre con la convicci\u00f3n de que el cuidado de los animales es una prioridad social\u201d,<\/strong>\u00a0indic\u00f3 el comunicado.<\/p>\n<p>Como parte de las medidas que implementar\u00e1, la televisora inform\u00f3:\u00a0<strong>\u201cEste hecho tambi\u00e9n nos impulsa a fortalecer nuestras acciones. Por ello implementaremos un programa de sensibilizaci\u00f3n y educaci\u00f3n sobre bienestar animal dirigido a nuestros equipos corporativos y de producci\u00f3n, con el objetivo de reforzar una cultura de respeto y cuidado hacia los animales en cada uno de nuestros proyectos\u201d.<\/strong><\/p>\n<p>Finalmente, TV Azteca se deslind\u00f3 de los comentarios del conductor y asegur\u00f3 que no representan los valores de la empresa:\u00a0<strong>\u201cExpresiones recientes, contrarias a estos valores, no reflejan lo que promovemos como organizaci\u00f3n. Por ello se ha ofrecido una disculpa p\u00fablica, asumiendo con responsabilidad que esas palabras no representaron ese compromiso\u201d<\/strong>, se\u00f1al\u00f3. El comunicado concluy\u00f3 con un mensaje contundente: \u201c<strong>Nuestro compromiso con la protecci\u00f3n animal permanece firme. Seguiremos siendo aliados de los animales\u201d.<\/strong><\/p>\n","protected":false},"excerpt":{"rendered":"<p>TV Azteca\u00a0fij\u00f3 su postura tras la controversia generada por las declaraciones de Pedro Sola sobre los perros y anunci\u00f3 que pondr\u00e1 en marcha un programa de sensibilizaci\u00f3n y educaci\u00f3n sobre bienestar animal dirigido a sus colaboradores.\u00a0El posicionamiento fue le\u00eddo al aire por Pati Chapoy, junto a M\u00f3nica Casta\u00f1eda, Ricardo Manjarrez y el propio Pedro Sola [&hellip;]<\/p>\n","protected":false},"author":2,"featured_media":264276,"comment_status":"closed","ping_status":"closed","sticky":false,"template":"","format":"standard","meta":{"footnotes":""},"categories":[12870,219],"tags":[12865,12875],"class_list":["post-264275","post","type-post","status-publish","format-standard","has-post-thumbnail","hentry","category-destacadas","category-espectaculos","tag-destacadas","tag-espectaculos"],"jetpack_featured_media_url":"https:\/\/rnoticias.com.mx\/Portal\/wp-content\/uploads\/2026\/07\/tv-azteca-busca-marcar-distancia.jpeg","amp_enabled":true,"_links":{"self":[{"href":"https:\/\/rnoticias.com.mx\/Portal\/wp-json\/wp\/v2\/posts\/264275","targetHints":{"allow":["GET"]}}],"collection":[{"href":"https:\/\/rnoticias.com.mx\/Portal\/wp-json\/wp\/v2\/posts"}],"about":[{"href":"https:\/\/rnoticias.com.mx\/Portal\/wp-json\/wp\/v2\/types\/post"}],"author":[{"embeddable":true,"href":"https:\/\/rnoticias.com.mx\/Portal\/wp-json\/wp\/v2\/users\/2"}],"replies":[{"embeddable":true,"href":"https:\/\/rnoticias.com.mx\/Portal\/wp-json\/wp\/v2\/comments?post=264275"}],"version-history":[{"count":1,"href":"https:\/\/rnoticias.com.mx\/Portal\/wp-json\/wp\/v2\/posts\/264275\/revisions"}],"predecessor-version":[{"id":264277,"href":"https:\/\/rnoticias.com.mx\/Portal\/wp-json\/wp\/v2\/posts\/264275\/revisions\/264277"}],"wp:featuredmedia":[{"embeddable":true,"href":"https:\/\/rnoticias.com.mx\/Portal\/wp-json\/wp\/v2\/media\/264276"}],"wp:attachment":[{"href":"https:\/\/rnoticias.com.mx\/Portal\/wp-json\/wp\/v2\/media?parent=264275"}],"wp:term":[{"taxonomy":"category","embeddable":true,"href":"https:\/\/rnoticias.com.mx\/Portal\/wp-json\/wp\/v2\/categories?post=264275"},{"taxonomy":"post_tag","embeddable":true,"href":"https:\/\/rnoticias.com.mx\/Portal\/wp-json\/wp\/v2\/tags?post=264275"}],"curies":[{"name":"wp","href":"https:\/\/api.w.org\/{rel}","templated":true}]}}