{"id":263991,"date":"2026-07-14T22:03:31","date_gmt":"2026-07-15T05:03:31","guid":{"rendered":"https:\/\/rnoticias.com.mx\/Portal\/?p=263991"},"modified":"2026-07-14T22:03:31","modified_gmt":"2026-07-15T05:03:31","slug":"inauguraran-el-primer-centro-coordinador-de-salud-para-el-bienestar","status":"publish","type":"post","link":"https:\/\/rnoticias.com.mx\/Portal\/2026\/07\/14\/inauguraran-el-primer-centro-coordinador-de-salud-para-el-bienestar\/","title":{"rendered":"Inaugurar\u00e1n el primer Centro Coordinador de Salud para el Bienestar"},"content":{"rendered":"<p>Por Aar\u00f3n Araiza<\/p>\n<p>&nbsp;<\/p>\n<p>Este mi\u00e9rcoles entrar\u00e1 en operaciones el primer Centro Coordinador de Salud para el Bienestar, el \u00fanico que existe en el pa\u00eds y que se encuentra en Hermosillo, para la atenci\u00f3n integral de urgencias y medicina familiar.<\/p>\n<p>El secretario de Salud en Sonora, Jos\u00e9 Luis Alom\u00eda explic\u00f3 que este centro tiene como objetivo coordinar y asegurar que los diferentes servicios de salud que operan en el estado, tanto federal como estatal, cumplan sus objetivos y atiendan a la poblaci\u00f3n.<\/p>\n<p>Adem\u00e1s cuenta con centro de operaci\u00f3n telef\u00f3nica directo con el Centro Regulador de Urgencias M\u00e9dicas del estado, el Centro Regulador de Atenci\u00f3n M\u00e9dica, \u00e1rea de Urgencias, epidemiol\u00f3gica y desastres.<\/p>\n<p>\u201cPor ello cuenta con un centro de llamadas que permite que la poblaci\u00f3n se comunique y solicite de manera directa, alg\u00fan tipo de servicio o necesidad, que puede ser alg\u00fan medicamento, desde una consulta m\u00e9dica, laboratorio o imagen o la disponibilidad de una vacuna\u201d.<\/p>\n<p>El centro ya opera como piloto, pero tendr\u00e1 su apertura oficial este 15 de julio.<\/p>\n","protected":false},"excerpt":{"rendered":"<p>Por Aar\u00f3n Araiza &nbsp; Este mi\u00e9rcoles entrar\u00e1 en operaciones el primer Centro Coordinador de Salud para el Bienestar, el \u00fanico que existe en el pa\u00eds y que se encuentra en Hermosillo, para la atenci\u00f3n integral de urgencias y medicina familiar. El secretario de Salud en Sonora, Jos\u00e9 Luis Alom\u00eda explic\u00f3 que este centro tiene como [&hellip;]<\/p>\n","protected":false},"author":2,"featured_media":263992,"comment_status":"closed","ping_status":"closed","sticky":false,"template":"","format":"standard","meta":{"footnotes":""},"categories":[12870,178],"tags":[12865,12869],"class_list":["post-263991","post","type-post","status-publish","format-standard","has-post-thumbnail","hentry","category-destacadas","category-local","tag-destacadas","tag-local"],"jetpack_featured_media_url":"https:\/\/rnoticias.com.mx\/Portal\/wp-content\/uploads\/2026\/07\/49.jpg","amp_enabled":true,"_links":{"self":[{"href":"https:\/\/rnoticias.com.mx\/Portal\/wp-json\/wp\/v2\/posts\/263991","targetHints":{"allow":["GET"]}}],"collection":[{"href":"https:\/\/rnoticias.com.mx\/Portal\/wp-json\/wp\/v2\/posts"}],"about":[{"href":"https:\/\/rnoticias.com.mx\/Portal\/wp-json\/wp\/v2\/types\/post"}],"author":[{"embeddable":true,"href":"https:\/\/rnoticias.com.mx\/Portal\/wp-json\/wp\/v2\/users\/2"}],"replies":[{"embeddable":true,"href":"https:\/\/rnoticias.com.mx\/Portal\/wp-json\/wp\/v2\/comments?post=263991"}],"version-history":[{"count":1,"href":"https:\/\/rnoticias.com.mx\/Portal\/wp-json\/wp\/v2\/posts\/263991\/revisions"}],"predecessor-version":[{"id":263993,"href":"https:\/\/rnoticias.com.mx\/Portal\/wp-json\/wp\/v2\/posts\/263991\/revisions\/263993"}],"wp:featuredmedia":[{"embeddable":true,"href":"https:\/\/rnoticias.com.mx\/Portal\/wp-json\/wp\/v2\/media\/263992"}],"wp:attachment":[{"href":"https:\/\/rnoticias.com.mx\/Portal\/wp-json\/wp\/v2\/media?parent=263991"}],"wp:term":[{"taxonomy":"category","embeddable":true,"href":"https:\/\/rnoticias.com.mx\/Portal\/wp-json\/wp\/v2\/categories?post=263991"},{"taxonomy":"post_tag","embeddable":true,"href":"https:\/\/rnoticias.com.mx\/Portal\/wp-json\/wp\/v2\/tags?post=263991"}],"curies":[{"name":"wp","href":"https:\/\/api.w.org\/{rel}","templated":true}]}}