{"id":254590,"date":"2026-05-01T12:47:21","date_gmt":"2026-05-01T19:47:21","guid":{"rendered":"https:\/\/rnoticias.com.mx\/Portal\/?p=254590"},"modified":"2026-05-01T12:47:21","modified_gmt":"2026-05-01T19:47:21","slug":"presento-gobierno-de-sonora-obra-aranya-en-casa-andamios-teatro","status":"publish","type":"post","link":"https:\/\/rnoticias.com.mx\/Portal\/2026\/05\/01\/presento-gobierno-de-sonora-obra-aranya-en-casa-andamios-teatro\/","title":{"rendered":"Present\u00f3 Gobierno de Sonora obra ARANYA en Casa Andamios Teatro"},"content":{"rendered":"<p align=\"left\">Hermosillo, Sonora; 1 de mayo de 2026.\u2013 El Gobierno de Sonora, a trav\u00e9s de la Secretar\u00eda de Educaci\u00f3n y Cultura (SEC) y del Instituto Sonorense de Cultura (ISC), llev\u00f3 a cabo dos funciones de la obra ARANYA, interpretada por la actriz Silvana Celis y dirigida por Ana Paula Ornelas. Las funciones se realizaron los d\u00edas 17 y 18 de abril en Casa Andamios Teatro, espacio destacado en la escena cultural de la entidad.<\/p>\n<p align=\"left\">ARANYA es una propuesta de danza contempor\u00e1nea que reflexiona sobre las imposiciones sociales que definen la identidad y la libertad individual. A trav\u00e9s de una coreograf\u00eda innovadora, la obra deconstruye las normas establecidas, invitando al p\u00fablico a cuestionar las convenciones sociales y explorar nuevas formas de reconocimiento personal en un contexto ficticio. La interpretaci\u00f3n de Silvana Celis, acompa\u00f1ada de la direcci\u00f3n de Ana Paula Ornelas, crea un espacio para la introspecci\u00f3n y el di\u00e1logo con el espectador.<\/p>\n<p align=\"left\">Este proyecto fue apoyado por el Sistema de Apoyos a la Creaci\u00f3n y Proyectos Culturales (SACPC), del Programa de Est\u00edmulo a la Creaci\u00f3n y Desarrollo Art\u00edstico (PECDA) Sonora 2025, un programa colaborativo entre gobierno federal y estatal que impulsa la creaci\u00f3n y desarrollo de proyectos art\u00edsticos en la regi\u00f3n. La colaboraci\u00f3n de artistas como Ariadne N\u00fa\u00f1ez, en vestuario, y la m\u00fasica original de Victoria Cirett enriquecieron la propuesta, a\u00f1adiendo una dimensi\u00f3n sensorial y emocional que complementa la narrativa de la obra.<\/p>\n<p align=\"left\">Las fotograf\u00edas que capturan momentos clave de la presentaci\u00f3n fueron realizadas por Gabino Guerrero, de Momentum Photography, y Aram Quijada, quienes documentaron el proceso creativo y el impacto visual de la obra.<\/p>\n<p align=\"left\">A trav\u00e9s de iniciativas como esta, se refuerza el compromiso con la promoci\u00f3n de las artes esc\u00e9nicas, creando espacios para la reflexi\u00f3n y el crecimiento art\u00edstico dentro de la comunidad.<\/p>\n<p align=\"left\">Consulta la agenda de actividades culturales de la entidad en\u00a0<a href=\"http:\/\/isc.sonora.edu.mx\/\" target=\"_blank\" rel=\"noopener\" data-saferedirecturl=\"https:\/\/www.google.com\/url?q=http:\/\/isc.sonora.edu.mx&amp;source=gmail&amp;ust=1777657257766000&amp;usg=AOvVaw3Vc3liTB_5ZsNyHeMaM0ru\">isc.sonora.edu.mx<\/a>\u00a0y en redes sociales a trav\u00e9s de @iscsonora.<\/p>\n","protected":false},"excerpt":{"rendered":"<p>Hermosillo, Sonora; 1 de mayo de 2026.\u2013 El Gobierno de Sonora, a trav\u00e9s de la Secretar\u00eda de Educaci\u00f3n y Cultura (SEC) y del Instituto Sonorense de Cultura (ISC), llev\u00f3 a cabo dos funciones de la obra ARANYA, interpretada por la actriz Silvana Celis y dirigida por Ana Paula Ornelas. Las funciones se realizaron los d\u00edas [&hellip;]<\/p>\n","protected":false},"author":2,"featured_media":254591,"comment_status":"closed","ping_status":"closed","sticky":false,"template":"","format":"standard","meta":{"footnotes":""},"categories":[178],"tags":[12869],"class_list":["post-254590","post","type-post","status-publish","format-standard","has-post-thumbnail","hentry","category-local","tag-local"],"jetpack_featured_media_url":"https:\/\/rnoticias.com.mx\/Portal\/wp-content\/uploads\/2026\/05\/unnamed-6.jpg","amp_enabled":true,"_links":{"self":[{"href":"https:\/\/rnoticias.com.mx\/Portal\/wp-json\/wp\/v2\/posts\/254590","targetHints":{"allow":["GET"]}}],"collection":[{"href":"https:\/\/rnoticias.com.mx\/Portal\/wp-json\/wp\/v2\/posts"}],"about":[{"href":"https:\/\/rnoticias.com.mx\/Portal\/wp-json\/wp\/v2\/types\/post"}],"author":[{"embeddable":true,"href":"https:\/\/rnoticias.com.mx\/Portal\/wp-json\/wp\/v2\/users\/2"}],"replies":[{"embeddable":true,"href":"https:\/\/rnoticias.com.mx\/Portal\/wp-json\/wp\/v2\/comments?post=254590"}],"version-history":[{"count":1,"href":"https:\/\/rnoticias.com.mx\/Portal\/wp-json\/wp\/v2\/posts\/254590\/revisions"}],"predecessor-version":[{"id":254592,"href":"https:\/\/rnoticias.com.mx\/Portal\/wp-json\/wp\/v2\/posts\/254590\/revisions\/254592"}],"wp:featuredmedia":[{"embeddable":true,"href":"https:\/\/rnoticias.com.mx\/Portal\/wp-json\/wp\/v2\/media\/254591"}],"wp:attachment":[{"href":"https:\/\/rnoticias.com.mx\/Portal\/wp-json\/wp\/v2\/media?parent=254590"}],"wp:term":[{"taxonomy":"category","embeddable":true,"href":"https:\/\/rnoticias.com.mx\/Portal\/wp-json\/wp\/v2\/categories?post=254590"},{"taxonomy":"post_tag","embeddable":true,"href":"https:\/\/rnoticias.com.mx\/Portal\/wp-json\/wp\/v2\/tags?post=254590"}],"curies":[{"name":"wp","href":"https:\/\/api.w.org\/{rel}","templated":true}]}}