{"id":254587,"date":"2026-05-01T12:46:24","date_gmt":"2026-05-01T19:46:24","guid":{"rendered":"https:\/\/rnoticias.com.mx\/Portal\/?p=254587"},"modified":"2026-05-01T12:46:24","modified_gmt":"2026-05-01T19:46:24","slug":"impulsa-gobierno-de-sonora-formacion-en-turismo-de-bienestar-para-estudiantes-de-la-ues","status":"publish","type":"post","link":"https:\/\/rnoticias.com.mx\/Portal\/2026\/05\/01\/impulsa-gobierno-de-sonora-formacion-en-turismo-de-bienestar-para-estudiantes-de-la-ues\/","title":{"rendered":"Impulsa Gobierno de Sonora formaci\u00f3n en turismo de bienestar para estudiantes de la UES"},"content":{"rendered":"<p align=\"left\">Hermosillo, Sonora; 1 de mayo de 2026.\u2013 Estudiantes de la Universidad Estatal de Sonora (UES) fortalecieron su formaci\u00f3n profesional con el XXV Congreso Internacional \u201cTurismo Wellness\u201d, un espacio de aprendizaje e intercambio que promueve nuevas visiones del turismo enfocadas en bienestar, sustentabilidad y desarrollo humano.<\/p>\n<p align=\"left\">El congreso, organizado por estudiantes de sexto semestre de la Licenciatura en Administraci\u00f3n de Empresas Tur\u00edsticas de la unidad Hermosillo, con acompa\u00f1amiento de docentes, se llev\u00f3 a cabo los d\u00edas 28 y 29 de abril en la capital del estado.<\/p>\n<p align=\"left\">La rectora Martha Patricia Pati\u00f1o Fierro destac\u00f3 que, en seguimiento a la visi\u00f3n del gobernador Alfonso Durazo Monta\u00f1o, la UES promueve espacios acad\u00e9micos que conectan a las y los j\u00f3venes con las tendencias actuales de la industria tur\u00edstica.<\/p>\n<p align=\"left\">Durante el encuentro, se desarrollaron conferencias enfocadas en el turismo de bienestar, su impacto en la industria tur\u00edstica y la importancia de las actividades al aire libre como medio para conectar con la naturaleza, cuidar la salud y generar experiencias significativas.<\/p>\n<p align=\"left\">Subray\u00f3 que este enfoque fortalece la preparaci\u00f3n de las y los futuros profesionistas, al responder a los retos actuales con una visi\u00f3n de turismo m\u00e1s consciente, humano y alineado al desarrollo sustentable.<\/p>\n<p align=\"left\">Como parte del programa cultural, se present\u00f3 el Ensamble DaCapo, integrado por el estudiante Fernando Segundo Jasso; adem\u00e1s, el auditorio particip\u00f3 de forma entusiasta en un n\u00famero de karaoke con la canci\u00f3n conmemorativa del Congreso.<\/p>\n","protected":false},"excerpt":{"rendered":"<p>Hermosillo, Sonora; 1 de mayo de 2026.\u2013 Estudiantes de la Universidad Estatal de Sonora (UES) fortalecieron su formaci\u00f3n profesional con el XXV Congreso Internacional \u201cTurismo Wellness\u201d, un espacio de aprendizaje e intercambio que promueve nuevas visiones del turismo enfocadas en bienestar, sustentabilidad y desarrollo humano. El congreso, organizado por estudiantes de sexto semestre de la [&hellip;]<\/p>\n","protected":false},"author":2,"featured_media":254588,"comment_status":"closed","ping_status":"closed","sticky":false,"template":"","format":"standard","meta":{"footnotes":""},"categories":[178],"tags":[12869],"class_list":["post-254587","post","type-post","status-publish","format-standard","has-post-thumbnail","hentry","category-local","tag-local"],"jetpack_featured_media_url":"https:\/\/rnoticias.com.mx\/Portal\/wp-content\/uploads\/2026\/05\/unnamed-5-1.jpg","amp_enabled":true,"_links":{"self":[{"href":"https:\/\/rnoticias.com.mx\/Portal\/wp-json\/wp\/v2\/posts\/254587","targetHints":{"allow":["GET"]}}],"collection":[{"href":"https:\/\/rnoticias.com.mx\/Portal\/wp-json\/wp\/v2\/posts"}],"about":[{"href":"https:\/\/rnoticias.com.mx\/Portal\/wp-json\/wp\/v2\/types\/post"}],"author":[{"embeddable":true,"href":"https:\/\/rnoticias.com.mx\/Portal\/wp-json\/wp\/v2\/users\/2"}],"replies":[{"embeddable":true,"href":"https:\/\/rnoticias.com.mx\/Portal\/wp-json\/wp\/v2\/comments?post=254587"}],"version-history":[{"count":1,"href":"https:\/\/rnoticias.com.mx\/Portal\/wp-json\/wp\/v2\/posts\/254587\/revisions"}],"predecessor-version":[{"id":254589,"href":"https:\/\/rnoticias.com.mx\/Portal\/wp-json\/wp\/v2\/posts\/254587\/revisions\/254589"}],"wp:featuredmedia":[{"embeddable":true,"href":"https:\/\/rnoticias.com.mx\/Portal\/wp-json\/wp\/v2\/media\/254588"}],"wp:attachment":[{"href":"https:\/\/rnoticias.com.mx\/Portal\/wp-json\/wp\/v2\/media?parent=254587"}],"wp:term":[{"taxonomy":"category","embeddable":true,"href":"https:\/\/rnoticias.com.mx\/Portal\/wp-json\/wp\/v2\/categories?post=254587"},{"taxonomy":"post_tag","embeddable":true,"href":"https:\/\/rnoticias.com.mx\/Portal\/wp-json\/wp\/v2\/tags?post=254587"}],"curies":[{"name":"wp","href":"https:\/\/api.w.org\/{rel}","templated":true}]}}