{"id":254584,"date":"2026-05-01T12:45:28","date_gmt":"2026-05-01T19:45:28","guid":{"rendered":"https:\/\/rnoticias.com.mx\/Portal\/?p=254584"},"modified":"2026-05-01T12:45:28","modified_gmt":"2026-05-01T19:45:28","slug":"impulsa-gobierno-de-sonora-emprendimiento-con-expo-emprende","status":"publish","type":"post","link":"https:\/\/rnoticias.com.mx\/Portal\/2026\/05\/01\/impulsa-gobierno-de-sonora-emprendimiento-con-expo-emprende\/","title":{"rendered":"Impulsa Gobierno de Sonora emprendimiento con Expo Emprende"},"content":{"rendered":"<p align=\"left\">Hermosillo, Sonora; 1 de mayo de 2026.\u2013 El Gobierno de Sonora, a trav\u00e9s de la Financiera para el Desarrollo Econ\u00f3mico de Sonora (Fideson) y del Instituto Sonorense de la Juventud (ISJ), llev\u00f3 a cabo la Expo Sonora Emprende, un espacio que abri\u00f3 a beneficiarios de los esquemas financieros y programas que ofrece para impulsar el desarrollo econ\u00f3mico de nuestra entidad.<\/p>\n<p align=\"left\">El coordinador ejecutivo de Fideson, H\u00e9ctor Iv\u00e1n Almada Acosta, destac\u00f3 que, adem\u00e1s de otorgar una herramienta financiera, es prioridad crear las condiciones que generen un encadenamiento productivo que permita el crecimiento econ\u00f3mico de nuestros emprendedores y el de nuestra entidad.<\/p>\n<p align=\"left\">Por su parte, la directora del Instituto Sonorense de la Juventud, Rebeca Valenzuela \u00c1lvarez, se sinti\u00f3 satisfecha de que las intenciones y sue\u00f1os de los j\u00f3venes emprendedores que se acercan al Gobierno del Estado puedan ser ahora proyectos tangibles.<\/p>\n<p align=\"left\">En este espacio de proyecci\u00f3n y crecimiento, se cont\u00f3 con la presencia de 50 expositores que ofrecieron productos y servicios de calidad.<\/p>\n<p align=\"left\">Con el otorgamiento de cr\u00e9ditos, programas de incubaci\u00f3n y apoyo en la comercializaci\u00f3n, el Gobierno de Sonora reitera su compromiso con emprendimientos y Pymes de nuestro estado, en quienes deposita su confianza y respaldo.<\/p>\n<p align=\"left\">Al crecer y fortalecer cada una de las empresas sonorenses, tambi\u00e9n crece la econom\u00eda de nuestra entidad.<\/p>\n","protected":false},"excerpt":{"rendered":"<p>Hermosillo, Sonora; 1 de mayo de 2026.\u2013 El Gobierno de Sonora, a trav\u00e9s de la Financiera para el Desarrollo Econ\u00f3mico de Sonora (Fideson) y del Instituto Sonorense de la Juventud (ISJ), llev\u00f3 a cabo la Expo Sonora Emprende, un espacio que abri\u00f3 a beneficiarios de los esquemas financieros y programas que ofrece para impulsar el [&hellip;]<\/p>\n","protected":false},"author":2,"featured_media":254585,"comment_status":"closed","ping_status":"closed","sticky":false,"template":"","format":"standard","meta":{"footnotes":""},"categories":[178],"tags":[12869],"class_list":["post-254584","post","type-post","status-publish","format-standard","has-post-thumbnail","hentry","category-local","tag-local"],"jetpack_featured_media_url":"https:\/\/rnoticias.com.mx\/Portal\/wp-content\/uploads\/2026\/05\/unnamed-4-1.jpg","amp_enabled":true,"_links":{"self":[{"href":"https:\/\/rnoticias.com.mx\/Portal\/wp-json\/wp\/v2\/posts\/254584","targetHints":{"allow":["GET"]}}],"collection":[{"href":"https:\/\/rnoticias.com.mx\/Portal\/wp-json\/wp\/v2\/posts"}],"about":[{"href":"https:\/\/rnoticias.com.mx\/Portal\/wp-json\/wp\/v2\/types\/post"}],"author":[{"embeddable":true,"href":"https:\/\/rnoticias.com.mx\/Portal\/wp-json\/wp\/v2\/users\/2"}],"replies":[{"embeddable":true,"href":"https:\/\/rnoticias.com.mx\/Portal\/wp-json\/wp\/v2\/comments?post=254584"}],"version-history":[{"count":1,"href":"https:\/\/rnoticias.com.mx\/Portal\/wp-json\/wp\/v2\/posts\/254584\/revisions"}],"predecessor-version":[{"id":254586,"href":"https:\/\/rnoticias.com.mx\/Portal\/wp-json\/wp\/v2\/posts\/254584\/revisions\/254586"}],"wp:featuredmedia":[{"embeddable":true,"href":"https:\/\/rnoticias.com.mx\/Portal\/wp-json\/wp\/v2\/media\/254585"}],"wp:attachment":[{"href":"https:\/\/rnoticias.com.mx\/Portal\/wp-json\/wp\/v2\/media?parent=254584"}],"wp:term":[{"taxonomy":"category","embeddable":true,"href":"https:\/\/rnoticias.com.mx\/Portal\/wp-json\/wp\/v2\/categories?post=254584"},{"taxonomy":"post_tag","embeddable":true,"href":"https:\/\/rnoticias.com.mx\/Portal\/wp-json\/wp\/v2\/tags?post=254584"}],"curies":[{"name":"wp","href":"https:\/\/api.w.org\/{rel}","templated":true}]}}