{"id":254572,"date":"2026-05-01T12:40:57","date_gmt":"2026-05-01T19:40:57","guid":{"rendered":"https:\/\/rnoticias.com.mx\/Portal\/?p=254572"},"modified":"2026-05-01T12:40:57","modified_gmt":"2026-05-01T19:40:57","slug":"fortalece-gobierno-de-sonora-atencion-en-salud-mental-para-personas-adultas-mayores","status":"publish","type":"post","link":"https:\/\/rnoticias.com.mx\/Portal\/2026\/05\/01\/fortalece-gobierno-de-sonora-atencion-en-salud-mental-para-personas-adultas-mayores\/","title":{"rendered":"Fortalece Gobierno de Sonora atenci\u00f3n en salud mental para personas adultas mayores"},"content":{"rendered":"<p align=\"left\">Hermosillo, Sonora; 1 de mayo de 2026.\u2013 El Gobierno del Estado de Sonora, a trav\u00e9s del Instituto Sonorense para la Atenci\u00f3n de los Adultos Mayores (ISAAM), brinda sesiones grupales de atenci\u00f3n psicol\u00f3gica.<\/p>\n<p align=\"left\">En los CEDAM se ofrecen alrededor de cinco horas a la semana de atenci\u00f3n psicol\u00f3gica con temas diversos, desde pl\u00e1ticas sobre bienestar psicol\u00f3gico, din\u00e1micas para ejercitar las funciones cognitivas, hasta tanatolog\u00eda.<\/p>\n<p align=\"left\">Algunos de los temas que se han impartido son resiliencia, memoria en las personas adultas mayores, \u201cduelo y p\u00e9rdidas\u201d, \u201cautoestima en la adultez mayor\u201d, \u201cgratitud y bienestar emocional\u201d, \u201cmanejo de emociones\u201d, \u201cidentidad y sentido de vida\u201d, por mencionar algunos.<\/p>\n<p align=\"left\">La finalidad de que este sector etario, el cual acude al ISAAM, cuente con este conocimiento es prevenir o aminorar el deterioro en esta etapa de desarrollo, por lo que para ellos y ellas se convierte en una necesidad.<\/p>\n<p align=\"left\">Si se retrasan, mantienen o, en casos muy espec\u00edficos, se revierten los efectos del envejecimiento a nivel psicol\u00f3gico, se tendr\u00e1 una sociedad adulta mayor con independencia, que genere confianza y una autoestima estable para vivir plenamente.<\/p>\n<p align=\"left\">Cuidar de la salud mental es un tema crucial para el bienestar integral; se mantienen relaciones interpersonales m\u00e1s estables y se potencia la capacidad cognitiva cuando se propician factores para la adquisici\u00f3n de conocimiento nuevo.<\/p>\n<p align=\"left\">Con el respaldo del Gobierno del Estado de Sonora, el ISAAM refrenda su compromiso de continuar generando alianzas estrat\u00e9gicas que contribuyan a consolidar una sociedad m\u00e1s incluyente, solidaria y con mayores oportunidades para este sector de la poblaci\u00f3n.<\/p>\n","protected":false},"excerpt":{"rendered":"<p>Hermosillo, Sonora; 1 de mayo de 2026.\u2013 El Gobierno del Estado de Sonora, a trav\u00e9s del Instituto Sonorense para la Atenci\u00f3n de los Adultos Mayores (ISAAM), brinda sesiones grupales de atenci\u00f3n psicol\u00f3gica. En los CEDAM se ofrecen alrededor de cinco horas a la semana de atenci\u00f3n psicol\u00f3gica con temas diversos, desde pl\u00e1ticas sobre bienestar psicol\u00f3gico, [&hellip;]<\/p>\n","protected":false},"author":2,"featured_media":254573,"comment_status":"closed","ping_status":"closed","sticky":false,"template":"","format":"standard","meta":{"footnotes":""},"categories":[178],"tags":[12869],"class_list":["post-254572","post","type-post","status-publish","format-standard","has-post-thumbnail","hentry","category-local","tag-local"],"jetpack_featured_media_url":"https:\/\/rnoticias.com.mx\/Portal\/wp-content\/uploads\/2026\/05\/unnamed-5.jpg","amp_enabled":true,"_links":{"self":[{"href":"https:\/\/rnoticias.com.mx\/Portal\/wp-json\/wp\/v2\/posts\/254572","targetHints":{"allow":["GET"]}}],"collection":[{"href":"https:\/\/rnoticias.com.mx\/Portal\/wp-json\/wp\/v2\/posts"}],"about":[{"href":"https:\/\/rnoticias.com.mx\/Portal\/wp-json\/wp\/v2\/types\/post"}],"author":[{"embeddable":true,"href":"https:\/\/rnoticias.com.mx\/Portal\/wp-json\/wp\/v2\/users\/2"}],"replies":[{"embeddable":true,"href":"https:\/\/rnoticias.com.mx\/Portal\/wp-json\/wp\/v2\/comments?post=254572"}],"version-history":[{"count":1,"href":"https:\/\/rnoticias.com.mx\/Portal\/wp-json\/wp\/v2\/posts\/254572\/revisions"}],"predecessor-version":[{"id":254574,"href":"https:\/\/rnoticias.com.mx\/Portal\/wp-json\/wp\/v2\/posts\/254572\/revisions\/254574"}],"wp:featuredmedia":[{"embeddable":true,"href":"https:\/\/rnoticias.com.mx\/Portal\/wp-json\/wp\/v2\/media\/254573"}],"wp:attachment":[{"href":"https:\/\/rnoticias.com.mx\/Portal\/wp-json\/wp\/v2\/media?parent=254572"}],"wp:term":[{"taxonomy":"category","embeddable":true,"href":"https:\/\/rnoticias.com.mx\/Portal\/wp-json\/wp\/v2\/categories?post=254572"},{"taxonomy":"post_tag","embeddable":true,"href":"https:\/\/rnoticias.com.mx\/Portal\/wp-json\/wp\/v2\/tags?post=254572"}],"curies":[{"name":"wp","href":"https:\/\/api.w.org\/{rel}","templated":true}]}}