{"id":254560,"date":"2026-05-01T12:32:14","date_gmt":"2026-05-01T19:32:14","guid":{"rendered":"https:\/\/rnoticias.com.mx\/Portal\/?p=254560"},"modified":"2026-05-01T12:32:14","modified_gmt":"2026-05-01T19:32:14","slug":"mexico-se-cuelga-dos-medallas-en-super-final-de-clavados-en-china","status":"publish","type":"post","link":"https:\/\/rnoticias.com.mx\/Portal\/2026\/05\/01\/mexico-se-cuelga-dos-medallas-en-super-final-de-clavados-en-china\/","title":{"rendered":"M\u00e9xico se cuelga dos medallas en S\u00faper Final de clavados en China"},"content":{"rendered":"<p>El equipo mexicano de\u00a0<a href=\"https:\/\/www.informador.mx\/clavados-t706\" target=\"_blank\" rel=\"noopener\"><strong>clavados<\/strong><\/a>\u00a0volvi\u00f3 a la acci\u00f3n en la S\u00faper Final de China y lo hizo con grandeza,\u00a0<mark><strong>al colgarse no solo una, sino dos medallas en diferentes competencias, con lo que lleg\u00f3 a tres preseas.<\/strong><\/mark><\/p>\n<p>En un escenario que exige precisi\u00f3n y temple, los representantes nacionales \u2014reconocidos ya como parte de la \u00e9lite mundial\u2014 demostraron nuevamente su calidad.<\/p>\n<div id=\"teads_ad\"><\/div>\n<div class=\"div-pos-2\"><\/div>\n<h2>Plata en prueba de equipo mixto<\/h2>\n<p><mark><strong>El conjunto mixto, integrado por Osmar Olvera, Randal Willars, Alejandra Estudillo y Aranza V\u00e1zquez se adjudic\u00f3 la medalla de plata en la prueba de equipo mixto de 3 y 10 metros,<\/strong><\/mark>\u00a0confirmando que M\u00e9xico no solo compite, sino que se consolida como protagonista en las m\u00e1ximas citas internacionales.<\/p>\n<div>\n<div id=\"twitter-891\" class=\"ck-twitter\"><span class=\"item first\">\u00a0<\/span>\u00a0<span class=\"item second\">\u00a0<\/span>\u00a0<span class=\"item third\">\u00a0<\/span><\/div>\n<\/div>\n<p>Con el liderazgo de Olvera, la experiencia de Willars, el talento de Estudillo y el temple de V\u00e1zquez, el equipo mexicano ejecut\u00f3 seis rutinas \u2014cuatro individuales y dos sincronizadas\u2014 que le otorgaron una puntuaci\u00f3n final de 422.50 unidades.<\/p>\n<p>Con la medalla en las manos y formando parte del podio que\u00a0<strong>tuvo a China como dominador absoluto con el oro y a Australia cerrando con el bronce,<\/strong>\u00a0los mexicanos agradecieron el respaldo de la afici\u00f3n local, que los reconoce y respeta por sus recientes resultados en distintas competencias internacionales.<\/p>\n<h2>Un bronce para Kevin Berl\u00edn y Randal Willars<\/h2>\n<p>La gran jornada de M\u00e9xico en China sigui\u00f3 dando frutos al cerrar con una tercera medalla para la delegaci\u00f3n.\u00a0<mark><strong>El \u00faltimo metal de la noche lleg\u00f3 gracias a Kevin Berl\u00edn y Randal Willars.<\/strong><\/mark><\/p>\n<p>La dupla nacional, que ha demostrado su calidad\u00a0<strong>en la plataforma sincronizada de 10 metros,<\/strong>\u00a0pele\u00f3 hasta el final por la plata frente a los representantes de Ucrania, qued\u00e1ndose a tan solo un punto de diferencia.<\/p>\n<div>\n<div id=\"twitter-77\" class=\"ck-twitter\"><span class=\"item first\">\u00a0<\/span>\u00a0<span class=\"item second\">\u00a0<\/span>\u00a0<span class=\"item third\">\u00a0<\/span><\/div>\n<\/div>\n<p>Berl\u00edn y Willars concluyeron su participaci\u00f3n con 403.02 unidades, mientras que\u00a0<strong>los europeos Sereda y Hrytsenko sumaron 404.28. El oro, una vez m\u00e1s, fue para China con un total de 448.68 puntos.<\/strong><\/p>\n<p>Antes, en una exhibici\u00f3n casi perfecta, la dupla mexicana conformada por Osmar Olvera y Juan Celaya\u00a0<a href=\"https:\/\/www.informador.mx\/deportes\/orgullo-mexicano-osmar-olvera-y-juan-celaya-conquistan-la-plata-en-beijing-2026-20260430-0207.html\" target=\"_blank\" rel=\"noopener\"><strong>se colg\u00f3 la medalla de plata.<\/strong><\/a>\u00a0Con una puntuaci\u00f3n final de 420.57 unidades, los subcampeones ol\u00edmpicos reafirmaron su lugar en el podio internacional dentro del trampol\u00edn de 3 metros sincronizado. Junto a la otra plata y el bronce, M\u00e9xico acumula ya tres preseas en esta competici\u00f3n.<\/p>\n","protected":false},"excerpt":{"rendered":"<p>El equipo mexicano de\u00a0clavados\u00a0volvi\u00f3 a la acci\u00f3n en la S\u00faper Final de China y lo hizo con grandeza,\u00a0al colgarse no solo una, sino dos medallas en diferentes competencias, con lo que lleg\u00f3 a tres preseas. En un escenario que exige precisi\u00f3n y temple, los representantes nacionales \u2014reconocidos ya como parte de la \u00e9lite mundial\u2014 demostraron [&hellip;]<\/p>\n","protected":false},"author":2,"featured_media":254561,"comment_status":"closed","ping_status":"closed","sticky":false,"template":"","format":"standard","meta":{"footnotes":""},"categories":[188,12870],"tags":[5231,12865],"class_list":["post-254560","post","type-post","status-publish","format-standard","has-post-thumbnail","hentry","category-deportes","category-destacadas","tag-deportes","tag-destacadas"],"jetpack_featured_media_url":"https:\/\/rnoticias.com.mx\/Portal\/wp-content\/uploads\/2026\/05\/clavados_mexico_14_13_1_636.jpg","amp_enabled":true,"_links":{"self":[{"href":"https:\/\/rnoticias.com.mx\/Portal\/wp-json\/wp\/v2\/posts\/254560","targetHints":{"allow":["GET"]}}],"collection":[{"href":"https:\/\/rnoticias.com.mx\/Portal\/wp-json\/wp\/v2\/posts"}],"about":[{"href":"https:\/\/rnoticias.com.mx\/Portal\/wp-json\/wp\/v2\/types\/post"}],"author":[{"embeddable":true,"href":"https:\/\/rnoticias.com.mx\/Portal\/wp-json\/wp\/v2\/users\/2"}],"replies":[{"embeddable":true,"href":"https:\/\/rnoticias.com.mx\/Portal\/wp-json\/wp\/v2\/comments?post=254560"}],"version-history":[{"count":1,"href":"https:\/\/rnoticias.com.mx\/Portal\/wp-json\/wp\/v2\/posts\/254560\/revisions"}],"predecessor-version":[{"id":254562,"href":"https:\/\/rnoticias.com.mx\/Portal\/wp-json\/wp\/v2\/posts\/254560\/revisions\/254562"}],"wp:featuredmedia":[{"embeddable":true,"href":"https:\/\/rnoticias.com.mx\/Portal\/wp-json\/wp\/v2\/media\/254561"}],"wp:attachment":[{"href":"https:\/\/rnoticias.com.mx\/Portal\/wp-json\/wp\/v2\/media?parent=254560"}],"wp:term":[{"taxonomy":"category","embeddable":true,"href":"https:\/\/rnoticias.com.mx\/Portal\/wp-json\/wp\/v2\/categories?post=254560"},{"taxonomy":"post_tag","embeddable":true,"href":"https:\/\/rnoticias.com.mx\/Portal\/wp-json\/wp\/v2\/tags?post=254560"}],"curies":[{"name":"wp","href":"https:\/\/api.w.org\/{rel}","templated":true}]}}