{"id":254557,"date":"2026-05-01T12:30:32","date_gmt":"2026-05-01T19:30:32","guid":{"rendered":"https:\/\/rnoticias.com.mx\/Portal\/?p=254557"},"modified":"2026-05-01T12:30:32","modified_gmt":"2026-05-01T19:30:32","slug":"gobierno-de-sonora-reconoce-a-egresados-de-icatson-con-entrega-de-constancias","status":"publish","type":"post","link":"https:\/\/rnoticias.com.mx\/Portal\/2026\/05\/01\/gobierno-de-sonora-reconoce-a-egresados-de-icatson-con-entrega-de-constancias\/","title":{"rendered":"Gobierno de Sonora reconoce a egresados de Icatson con entrega de constancias"},"content":{"rendered":"<p align=\"left\">Hermosillo, Sonora; 1 de mayo de 2026.\u2014 El Gobierno de Sonora, a trav\u00e9s del Instituto de Capacitaci\u00f3n para el Trabajo del Estado de Sonora (Icatson), celebra con orgullo, a partir del mes de febrero a la fecha, las graduaciones correspondientes a los trimestres octubre\u2013diciembre 2025 y enero-marzo 2026 en los planteles y extensiones de Hermosillo, Caborca, \u00cdmuris, Cananea, San Luis R\u00edo Colorado, Puerto Pe\u00f1asco, Navojoa, Nogales, Santa Ana y Magdalena, donde se reconoci\u00f3 el esfuerzo, la constancia y dedicaci\u00f3n de las alumnas y alumnos.<\/p>\n<p align=\"left\">En cada uno de los eventos, el Director General del Icatson, Manuel Gallegos Salgado, felicit\u00f3 a las y los egresados por este importante logro, reconociendo su compromiso y constancia durante la capacitaci\u00f3n, as\u00ed como la determinaci\u00f3n al momento de elegir al Instituto al momento de buscar nuevas oportunidades de crecimiento personal y profesional, haciendo hincapi\u00e9 en todo momento del respaldo del Gobernador del Estado, Dr. Alfonso Durazo Monta\u00f1o, para generar m\u00e1s oportunidades de desarrollo.<\/p>\n<p align=\"left\">Las ceremonias contaron con la presencia de autoridades de los distintos \u00f3rdenes de gobierno en cada localidad, quienes constataron la importancia de la capacitaci\u00f3n como herramienta de crecimiento y bienestar para Sonora, felicitando a las y los egresados que concluyeron su capacitaci\u00f3n en diversas especialidades enfocadas al empleo y autoempleo, demostrando lo aprendido a trav\u00e9s de exposiciones y pasarelas de trabajos finales.<\/p>\n<p align=\"left\">Con cada generaci\u00f3n egresada, el Icatson fortalece su misi\u00f3n de transformar vidas mediante la ense\u00f1anza y abre nuevas oportunidades laborales para las y los sonorenses.<\/p>\n","protected":false},"excerpt":{"rendered":"<p>Hermosillo, Sonora; 1 de mayo de 2026.\u2014 El Gobierno de Sonora, a trav\u00e9s del Instituto de Capacitaci\u00f3n para el Trabajo del Estado de Sonora (Icatson), celebra con orgullo, a partir del mes de febrero a la fecha, las graduaciones correspondientes a los trimestres octubre\u2013diciembre 2025 y enero-marzo 2026 en los planteles y extensiones de Hermosillo, [&hellip;]<\/p>\n","protected":false},"author":2,"featured_media":254558,"comment_status":"closed","ping_status":"closed","sticky":false,"template":"","format":"standard","meta":{"footnotes":""},"categories":[178],"tags":[12869],"class_list":["post-254557","post","type-post","status-publish","format-standard","has-post-thumbnail","hentry","category-local","tag-local"],"jetpack_featured_media_url":"https:\/\/rnoticias.com.mx\/Portal\/wp-content\/uploads\/2026\/05\/unnamed-4.jpg","amp_enabled":true,"_links":{"self":[{"href":"https:\/\/rnoticias.com.mx\/Portal\/wp-json\/wp\/v2\/posts\/254557","targetHints":{"allow":["GET"]}}],"collection":[{"href":"https:\/\/rnoticias.com.mx\/Portal\/wp-json\/wp\/v2\/posts"}],"about":[{"href":"https:\/\/rnoticias.com.mx\/Portal\/wp-json\/wp\/v2\/types\/post"}],"author":[{"embeddable":true,"href":"https:\/\/rnoticias.com.mx\/Portal\/wp-json\/wp\/v2\/users\/2"}],"replies":[{"embeddable":true,"href":"https:\/\/rnoticias.com.mx\/Portal\/wp-json\/wp\/v2\/comments?post=254557"}],"version-history":[{"count":1,"href":"https:\/\/rnoticias.com.mx\/Portal\/wp-json\/wp\/v2\/posts\/254557\/revisions"}],"predecessor-version":[{"id":254559,"href":"https:\/\/rnoticias.com.mx\/Portal\/wp-json\/wp\/v2\/posts\/254557\/revisions\/254559"}],"wp:featuredmedia":[{"embeddable":true,"href":"https:\/\/rnoticias.com.mx\/Portal\/wp-json\/wp\/v2\/media\/254558"}],"wp:attachment":[{"href":"https:\/\/rnoticias.com.mx\/Portal\/wp-json\/wp\/v2\/media?parent=254557"}],"wp:term":[{"taxonomy":"category","embeddable":true,"href":"https:\/\/rnoticias.com.mx\/Portal\/wp-json\/wp\/v2\/categories?post=254557"},{"taxonomy":"post_tag","embeddable":true,"href":"https:\/\/rnoticias.com.mx\/Portal\/wp-json\/wp\/v2\/tags?post=254557"}],"curies":[{"name":"wp","href":"https:\/\/api.w.org\/{rel}","templated":true}]}}