{"id":254551,"date":"2026-05-01T12:28:22","date_gmt":"2026-05-01T19:28:22","guid":{"rendered":"https:\/\/rnoticias.com.mx\/Portal\/?p=254551"},"modified":"2026-05-01T12:28:22","modified_gmt":"2026-05-01T19:28:22","slug":"prevencion-y-proximidad-de-la-policia-estatal-con-ninas-y-ninos-del-comedor-abrazando-sonrisas","status":"publish","type":"post","link":"https:\/\/rnoticias.com.mx\/Portal\/2026\/05\/01\/prevencion-y-proximidad-de-la-policia-estatal-con-ninas-y-ninos-del-comedor-abrazando-sonrisas\/","title":{"rendered":"Prevenci\u00f3n y proximidad de la Polic\u00eda Estatal con ni\u00f1as y ni\u00f1os del comedor Abrazando Sonrisas"},"content":{"rendered":"<p>Hermosillo, Sonora; 1 de mayo de 2026.- En el marco de las celebraciones del D\u00eda de las Ni\u00f1as y los Ni\u00f1os en Sonora, la Divisi\u00f3n de Proximidad Ciudadana de la Polic\u00eda Estatal de Seguridad P\u00fablica (PESP) participa activamente en las acciones para beneficio de las infancias en la Jornada Permanente por la Paz.<\/p>\n<p>Como parte de estas actividades de esta semana, visitaron el comedor comunitario \u201cAbrazando Sonrisas\u201d, ubicado en un sector focalizado en el fraccionamiento Los Arroyos, donde convivieron con la ni\u00f1ez, fortaleciendo los lazos de confianza y cercan\u00eda con la comunidad.<\/p>\n<p>En el lugar, adem\u00e1s de los polic\u00edas estatales, estuvo personal del Centro Estatal de Prevenci\u00f3n del Delito y Participaci\u00f3n Ciudadana, quienes, a trav\u00e9s de la Jornada Permanente por la Paz, trabajan en la comunidad para compartir informaci\u00f3n de seguridad y beneficio para las familias en sectores focalizados, para entornos m\u00e1s seguros.<\/p>\n<p>A trav\u00e9s de estas acciones, se reafirma el compromiso de seguir construyendo entornos seguros y de bienestar para las familias sonorenses.<\/p>\n","protected":false},"excerpt":{"rendered":"<p>Hermosillo, Sonora; 1 de mayo de 2026.- En el marco de las celebraciones del D\u00eda de las Ni\u00f1as y los Ni\u00f1os en Sonora, la Divisi\u00f3n de Proximidad Ciudadana de la Polic\u00eda Estatal de Seguridad P\u00fablica (PESP) participa activamente en las acciones para beneficio de las infancias en la Jornada Permanente por la Paz. Como parte [&hellip;]<\/p>\n","protected":false},"author":2,"featured_media":254552,"comment_status":"closed","ping_status":"closed","sticky":false,"template":"","format":"standard","meta":{"footnotes":""},"categories":[12870,178],"tags":[12865,12869],"class_list":["post-254551","post","type-post","status-publish","format-standard","has-post-thumbnail","hentry","category-destacadas","category-local","tag-destacadas","tag-local"],"jetpack_featured_media_url":"https:\/\/rnoticias.com.mx\/Portal\/wp-content\/uploads\/2026\/05\/unnamed-2.jpg","amp_enabled":true,"_links":{"self":[{"href":"https:\/\/rnoticias.com.mx\/Portal\/wp-json\/wp\/v2\/posts\/254551","targetHints":{"allow":["GET"]}}],"collection":[{"href":"https:\/\/rnoticias.com.mx\/Portal\/wp-json\/wp\/v2\/posts"}],"about":[{"href":"https:\/\/rnoticias.com.mx\/Portal\/wp-json\/wp\/v2\/types\/post"}],"author":[{"embeddable":true,"href":"https:\/\/rnoticias.com.mx\/Portal\/wp-json\/wp\/v2\/users\/2"}],"replies":[{"embeddable":true,"href":"https:\/\/rnoticias.com.mx\/Portal\/wp-json\/wp\/v2\/comments?post=254551"}],"version-history":[{"count":1,"href":"https:\/\/rnoticias.com.mx\/Portal\/wp-json\/wp\/v2\/posts\/254551\/revisions"}],"predecessor-version":[{"id":254553,"href":"https:\/\/rnoticias.com.mx\/Portal\/wp-json\/wp\/v2\/posts\/254551\/revisions\/254553"}],"wp:featuredmedia":[{"embeddable":true,"href":"https:\/\/rnoticias.com.mx\/Portal\/wp-json\/wp\/v2\/media\/254552"}],"wp:attachment":[{"href":"https:\/\/rnoticias.com.mx\/Portal\/wp-json\/wp\/v2\/media?parent=254551"}],"wp:term":[{"taxonomy":"category","embeddable":true,"href":"https:\/\/rnoticias.com.mx\/Portal\/wp-json\/wp\/v2\/categories?post=254551"},{"taxonomy":"post_tag","embeddable":true,"href":"https:\/\/rnoticias.com.mx\/Portal\/wp-json\/wp\/v2\/tags?post=254551"}],"curies":[{"name":"wp","href":"https:\/\/api.w.org\/{rel}","templated":true}]}}