{"id":254538,"date":"2026-04-30T22:55:17","date_gmt":"2026-05-01T05:55:17","guid":{"rendered":"https:\/\/rnoticias.com.mx\/Portal\/?p=254538"},"modified":"2026-04-30T22:55:17","modified_gmt":"2026-05-01T05:55:17","slug":"vinculan-a-proceso-a-imputado-por-homicidio-de-adolescente-en-nogales","status":"publish","type":"post","link":"https:\/\/rnoticias.com.mx\/Portal\/2026\/04\/30\/vinculan-a-proceso-a-imputado-por-homicidio-de-adolescente-en-nogales\/","title":{"rendered":"Vinculan a proceso a imputado por homicidio de adolescente en Nogales"},"content":{"rendered":"<p>Nogales, Sonora, 30 de abril de 2026.- S\u00f3lidos datos de prueba, obtenidos en investigaciones desde el 2021, permiti\u00f3 a la Fiscal\u00eda General de Justicia del Estado de Sonora (FGJES) obtener la vinculaci\u00f3n a proceso de un sujeto se\u00f1alado por su probable responsabilidad en delito de homicidio calificado cometido con ventaja, en Nogales, Sonora.<\/p>\n<p>Alexis Alejandro \u201cN\u201d, de 25 a\u00f1os, capturado mediante orden de aprehensi\u00f3n ejecutada por elementos de la Agencia Ministerial de Investigaci\u00f3n Criminal (AMIC) y presentado ante la autoridad judicial, donde se formul\u00f3 imputaci\u00f3n en su contra por el delito mencionado y se decret\u00f3 la prisi\u00f3n preventiva como medida cautelar.<\/p>\n<p>De acuerdo con la carpeta de investigaci\u00f3n, los hechos se suscitaron el 1 de abril de 2021 en la colonia Lomas de Anza, cuando el imputado, tras una ri\u00f1a registrada momentos antes en el exterior de un domicilio ubicado en la calle Nueva Cali, accion\u00f3 un arma de fuego.<\/p>\n<p>Como resultado, \u00d3scar Antonio \u201cN\u201d, de 17 a\u00f1os, sufri\u00f3 una lesi\u00f3n en la cabeza, siendo trasladado a un hospital donde posteriormente perdi\u00f3 la vida a consecuencia de la herida.<\/p>\n<p>La Fiscal\u00eda General de Justicia del Estado de Sonora contin\u00faa con el fortalecimiento de las investigaciones para el total esclarecimiento del caso, reiterando su compromiso de actuar con firmeza en delitos que atenten contra la vida, especialmente cuando involucran a personas menores de edad.<\/p>\n","protected":false},"excerpt":{"rendered":"<p>Nogales, Sonora, 30 de abril de 2026.- S\u00f3lidos datos de prueba, obtenidos en investigaciones desde el 2021, permiti\u00f3 a la Fiscal\u00eda General de Justicia del Estado de Sonora (FGJES) obtener la vinculaci\u00f3n a proceso de un sujeto se\u00f1alado por su probable responsabilidad en delito de homicidio calificado cometido con ventaja, en Nogales, Sonora. Alexis Alejandro [&hellip;]<\/p>\n","protected":false},"author":2,"featured_media":254539,"comment_status":"closed","ping_status":"closed","sticky":false,"template":"","format":"standard","meta":{"footnotes":""},"categories":[174],"tags":[12873],"class_list":["post-254538","post","type-post","status-publish","format-standard","has-post-thumbnail","hentry","category-estatal","tag-estatal"],"jetpack_featured_media_url":"https:\/\/rnoticias.com.mx\/Portal\/wp-content\/uploads\/2026\/04\/533.jpg","amp_enabled":true,"_links":{"self":[{"href":"https:\/\/rnoticias.com.mx\/Portal\/wp-json\/wp\/v2\/posts\/254538","targetHints":{"allow":["GET"]}}],"collection":[{"href":"https:\/\/rnoticias.com.mx\/Portal\/wp-json\/wp\/v2\/posts"}],"about":[{"href":"https:\/\/rnoticias.com.mx\/Portal\/wp-json\/wp\/v2\/types\/post"}],"author":[{"embeddable":true,"href":"https:\/\/rnoticias.com.mx\/Portal\/wp-json\/wp\/v2\/users\/2"}],"replies":[{"embeddable":true,"href":"https:\/\/rnoticias.com.mx\/Portal\/wp-json\/wp\/v2\/comments?post=254538"}],"version-history":[{"count":1,"href":"https:\/\/rnoticias.com.mx\/Portal\/wp-json\/wp\/v2\/posts\/254538\/revisions"}],"predecessor-version":[{"id":254540,"href":"https:\/\/rnoticias.com.mx\/Portal\/wp-json\/wp\/v2\/posts\/254538\/revisions\/254540"}],"wp:featuredmedia":[{"embeddable":true,"href":"https:\/\/rnoticias.com.mx\/Portal\/wp-json\/wp\/v2\/media\/254539"}],"wp:attachment":[{"href":"https:\/\/rnoticias.com.mx\/Portal\/wp-json\/wp\/v2\/media?parent=254538"}],"wp:term":[{"taxonomy":"category","embeddable":true,"href":"https:\/\/rnoticias.com.mx\/Portal\/wp-json\/wp\/v2\/categories?post=254538"},{"taxonomy":"post_tag","embeddable":true,"href":"https:\/\/rnoticias.com.mx\/Portal\/wp-json\/wp\/v2\/tags?post=254538"}],"curies":[{"name":"wp","href":"https:\/\/api.w.org\/{rel}","templated":true}]}}