{"id":254535,"date":"2026-04-30T22:54:34","date_gmt":"2026-05-01T05:54:34","guid":{"rendered":"https:\/\/rnoticias.com.mx\/Portal\/?p=254535"},"modified":"2026-04-30T22:54:34","modified_gmt":"2026-05-01T05:54:34","slug":"acciones-de-la-fgjes-derivan-en-procesos-penales-por-violencia-familiar-en-guaymas-y-cajeme","status":"publish","type":"post","link":"https:\/\/rnoticias.com.mx\/Portal\/2026\/04\/30\/acciones-de-la-fgjes-derivan-en-procesos-penales-por-violencia-familiar-en-guaymas-y-cajeme\/","title":{"rendered":"Acciones de la FGJES derivan en procesos penales por violencia familiar en Guaymas y Cajeme"},"content":{"rendered":"<p>Hermosillo, Sonora, 30 de abril de 2026.- Distintas intervenciones ministeriales de la Fiscal\u00eda General de Justicia del Estado de Sonora (FGJES) derivaron en resoluciones judiciales contra tres personas imputadas por violencia familiar, en hechos registrados en Guaymas y Ciudad Obreg\u00f3n, donde se prioriz\u00f3 la protecci\u00f3n de v\u00edctimas en entornos dom\u00e9sticos.<\/p>\n<p>En el primer caso, en Guaymas, Iv\u00e1n Arturo \u201cN\u201d, de 38 a\u00f1os, fue detenido y presentado ante la autoridad judicial, donde tras la audiencia de control se calific\u00f3 de legal su detenci\u00f3n, se formul\u00f3 imputaci\u00f3n y fue vinculado a proceso por violencia familiar en agravio de su madre. Como medida cautelar, se le impuso prisi\u00f3n preventiva justificada.<\/p>\n<p>Los hechos ocurrieron el 23 de abril de 2026, en un domicilio de la colonia Yucat\u00e1n, donde el imputado ejerci\u00f3 actos de agresi\u00f3n verbal en contra de la v\u00edctima, mediante expresiones ofensivas y amenazas que constituyen violencia psicoemocional.<\/p>\n<p>En un segundo caso, en Ciudad Obreg\u00f3n, Francisco Javier \u201cN\u201d, de 42 a\u00f1os, fue detenido mediante orden de aprehensi\u00f3n por el delito de violencia familiar en perjuicio de su expareja, una mujer de 43 a\u00f1os de edad.<\/p>\n<p>Durante la audiencia inicial se formul\u00f3 imputaci\u00f3n, el imputado se reserv\u00f3 su derecho a declarar y solicit\u00f3 el plazo constitucional de 144 horas para la resoluci\u00f3n de su vinculaci\u00f3n, manteni\u00e9ndose la medida cautelar de prisi\u00f3n preventiva justificada.<\/p>\n<p>De acuerdo con la investigaci\u00f3n, los hechos se registraron en distintos momentos de 2024 en domicilios de las colonias Villa Bonita y Valle de H\u00e9roes, donde el imputado ejerci\u00f3 actos reiterados de violencia verbal, amenazas graves y agresiones f\u00edsicas, utilizando incluso un machete para intimidar a la v\u00edctima, adem\u00e1s de amenazar a sus hijas y nietas.<\/p>\n<p>En un tercer caso, tambi\u00e9n en Ciudad Obreg\u00f3n, Fabi\u00e1n \u201cN\u201d, de 18 a\u00f1os, fue vinculado a proceso por violencia familiar en agravio de sus abuelos, Porfirio \u201cN\u201d, de 76 a\u00f1os, y Mar\u00eda de los \u00c1ngeles \u201cN\u201d, de 68 a\u00f1os, tras ser detenido mediante orden de aprehensi\u00f3n.<\/p>\n<p>Los hechos ocurrieron el 31 de marzo de 2026, en un domicilio de la colonia Benito Ju\u00e1rez, donde el imputado agredi\u00f3 f\u00edsicamente a su abuelo con una botella de cristal, provoc\u00e1ndole lesiones, y posteriormente ejerci\u00f3 violencia f\u00edsica contra su abuela al sujetarla del cuello, generando riesgo a su integridad, adem\u00e1s de amenazas verbales.<\/p>\n<p>En los tres casos, los imputados enfrentan procesos penales bajo la medida cautelar de prisi\u00f3n preventiva justificada, en tanto se desarrollan las investigaciones complementarias.<\/p>\n<p>La Fiscal\u00eda General de Justicia del Estado de Sonora refrenda su compromiso de atender con firmeza los delitos de violencia familiar, priorizando la protecci\u00f3n de v\u00edctimas y el acceso a la justicia con perspectiva de derechos humanos.<\/p>\n","protected":false},"excerpt":{"rendered":"<p>Hermosillo, Sonora, 30 de abril de 2026.- Distintas intervenciones ministeriales de la Fiscal\u00eda General de Justicia del Estado de Sonora (FGJES) derivaron en resoluciones judiciales contra tres personas imputadas por violencia familiar, en hechos registrados en Guaymas y Ciudad Obreg\u00f3n, donde se prioriz\u00f3 la protecci\u00f3n de v\u00edctimas en entornos dom\u00e9sticos. En el primer caso, en [&hellip;]<\/p>\n","protected":false},"author":2,"featured_media":254536,"comment_status":"closed","ping_status":"closed","sticky":false,"template":"","format":"standard","meta":{"footnotes":""},"categories":[174],"tags":[12873],"class_list":["post-254535","post","type-post","status-publish","format-standard","has-post-thumbnail","hentry","category-estatal","tag-estatal"],"jetpack_featured_media_url":"https:\/\/rnoticias.com.mx\/Portal\/wp-content\/uploads\/2026\/04\/89.jpg","amp_enabled":true,"_links":{"self":[{"href":"https:\/\/rnoticias.com.mx\/Portal\/wp-json\/wp\/v2\/posts\/254535","targetHints":{"allow":["GET"]}}],"collection":[{"href":"https:\/\/rnoticias.com.mx\/Portal\/wp-json\/wp\/v2\/posts"}],"about":[{"href":"https:\/\/rnoticias.com.mx\/Portal\/wp-json\/wp\/v2\/types\/post"}],"author":[{"embeddable":true,"href":"https:\/\/rnoticias.com.mx\/Portal\/wp-json\/wp\/v2\/users\/2"}],"replies":[{"embeddable":true,"href":"https:\/\/rnoticias.com.mx\/Portal\/wp-json\/wp\/v2\/comments?post=254535"}],"version-history":[{"count":1,"href":"https:\/\/rnoticias.com.mx\/Portal\/wp-json\/wp\/v2\/posts\/254535\/revisions"}],"predecessor-version":[{"id":254537,"href":"https:\/\/rnoticias.com.mx\/Portal\/wp-json\/wp\/v2\/posts\/254535\/revisions\/254537"}],"wp:featuredmedia":[{"embeddable":true,"href":"https:\/\/rnoticias.com.mx\/Portal\/wp-json\/wp\/v2\/media\/254536"}],"wp:attachment":[{"href":"https:\/\/rnoticias.com.mx\/Portal\/wp-json\/wp\/v2\/media?parent=254535"}],"wp:term":[{"taxonomy":"category","embeddable":true,"href":"https:\/\/rnoticias.com.mx\/Portal\/wp-json\/wp\/v2\/categories?post=254535"},{"taxonomy":"post_tag","embeddable":true,"href":"https:\/\/rnoticias.com.mx\/Portal\/wp-json\/wp\/v2\/tags?post=254535"}],"curies":[{"name":"wp","href":"https:\/\/api.w.org\/{rel}","templated":true}]}}