{"id":254531,"date":"2026-04-30T22:50:57","date_gmt":"2026-05-01T05:50:57","guid":{"rendered":"https:\/\/rnoticias.com.mx\/Portal\/?p=254531"},"modified":"2026-04-30T22:50:57","modified_gmt":"2026-05-01T05:50:57","slug":"fgjes-cumplimenta-orden-de-aprehension-por-delito-de-maltrato-o-crueldad-animal-en-navojoa","status":"publish","type":"post","link":"https:\/\/rnoticias.com.mx\/Portal\/2026\/04\/30\/fgjes-cumplimenta-orden-de-aprehension-por-delito-de-maltrato-o-crueldad-animal-en-navojoa\/","title":{"rendered":"FGJES cumplimenta orden de aprehensi\u00f3n por delito de maltrato o crueldad animal en Navojoa"},"content":{"rendered":"<p>Navojoa, Sonora, 30 de abril de 2026.- En seguimiento a una denuncia, la Fiscal\u00eda General de Justicia del Estado de Sonora (FGJES) ejecut\u00f3 una orden de aprehensi\u00f3n contra David Adri\u00e1n \u201cN\u201d, se\u00f1alado por su probable responsabilidad en los delitos de crueldad o maltrato animal y allanamiento de morada.<\/p>\n<p>De acuerdo con la investigaci\u00f3n, el imputado habr\u00eda agredido con extrema violencia a \u201cToto\u201d, un perro criollo macho de aproximadamente 3 a\u00f1os, que se encontraba amarrado y no representaba peligro alguno.<\/p>\n<p>Sin estar expuesto a riesgo, el agresor lo golpe\u00f3 en repetidas ocasiones con un palo de madera, caus\u00e1ndole lesiones de gravedad que pusieron en riesgo su vida.<\/p>\n<p>Los hechos ocurrieron el pasado 24 de abril en un domicilio de la colonia Finca Real, en Navojoa, al cual el se\u00f1alado presuntamente ingres\u00f3 sin autorizaci\u00f3n.<\/p>\n<p>La Fiscal\u00eda General de Justicia del Estado de Sonora mantiene las acciones legales correspondientes y reitera su compromiso de investigar y sancionar toda conducta que implique violencia o maltrato hacia los animales.<\/p>\n","protected":false},"excerpt":{"rendered":"<p>Navojoa, Sonora, 30 de abril de 2026.- En seguimiento a una denuncia, la Fiscal\u00eda General de Justicia del Estado de Sonora (FGJES) ejecut\u00f3 una orden de aprehensi\u00f3n contra David Adri\u00e1n \u201cN\u201d, se\u00f1alado por su probable responsabilidad en los delitos de crueldad o maltrato animal y allanamiento de morada. De acuerdo con la investigaci\u00f3n, el imputado [&hellip;]<\/p>\n","protected":false},"author":2,"featured_media":254532,"comment_status":"closed","ping_status":"closed","sticky":false,"template":"","format":"standard","meta":{"footnotes":""},"categories":[12870,174],"tags":[12865,12873],"class_list":["post-254531","post","type-post","status-publish","format-standard","has-post-thumbnail","hentry","category-destacadas","category-estatal","tag-destacadas","tag-estatal"],"jetpack_featured_media_url":"https:\/\/rnoticias.com.mx\/Portal\/wp-content\/uploads\/2026\/04\/Toto.jpg","amp_enabled":true,"_links":{"self":[{"href":"https:\/\/rnoticias.com.mx\/Portal\/wp-json\/wp\/v2\/posts\/254531","targetHints":{"allow":["GET"]}}],"collection":[{"href":"https:\/\/rnoticias.com.mx\/Portal\/wp-json\/wp\/v2\/posts"}],"about":[{"href":"https:\/\/rnoticias.com.mx\/Portal\/wp-json\/wp\/v2\/types\/post"}],"author":[{"embeddable":true,"href":"https:\/\/rnoticias.com.mx\/Portal\/wp-json\/wp\/v2\/users\/2"}],"replies":[{"embeddable":true,"href":"https:\/\/rnoticias.com.mx\/Portal\/wp-json\/wp\/v2\/comments?post=254531"}],"version-history":[{"count":1,"href":"https:\/\/rnoticias.com.mx\/Portal\/wp-json\/wp\/v2\/posts\/254531\/revisions"}],"predecessor-version":[{"id":254533,"href":"https:\/\/rnoticias.com.mx\/Portal\/wp-json\/wp\/v2\/posts\/254531\/revisions\/254533"}],"wp:featuredmedia":[{"embeddable":true,"href":"https:\/\/rnoticias.com.mx\/Portal\/wp-json\/wp\/v2\/media\/254532"}],"wp:attachment":[{"href":"https:\/\/rnoticias.com.mx\/Portal\/wp-json\/wp\/v2\/media?parent=254531"}],"wp:term":[{"taxonomy":"category","embeddable":true,"href":"https:\/\/rnoticias.com.mx\/Portal\/wp-json\/wp\/v2\/categories?post=254531"},{"taxonomy":"post_tag","embeddable":true,"href":"https:\/\/rnoticias.com.mx\/Portal\/wp-json\/wp\/v2\/tags?post=254531"}],"curies":[{"name":"wp","href":"https:\/\/api.w.org\/{rel}","templated":true}]}}