{"id":254525,"date":"2026-04-30T22:48:30","date_gmt":"2026-05-01T05:48:30","guid":{"rendered":"https:\/\/rnoticias.com.mx\/Portal\/?p=254525"},"modified":"2026-04-30T22:48:30","modified_gmt":"2026-05-01T05:48:30","slug":"gobierno-de-sonora-inaugura-exposicion-para-infancias-en-el-musas-en-el-marco-del-dia-de-las-ninas-y-los-ninos","status":"publish","type":"post","link":"https:\/\/rnoticias.com.mx\/Portal\/2026\/04\/30\/gobierno-de-sonora-inaugura-exposicion-para-infancias-en-el-musas-en-el-marco-del-dia-de-las-ninas-y-los-ninos\/","title":{"rendered":"Gobierno de Sonora inaugura exposici\u00f3n para infancias en el Musas en el marco del D\u00eda de las Ni\u00f1as y los Ni\u00f1os"},"content":{"rendered":"<p>Hermosillo, Sonora; 30 de abril de 2026.- El Gobierno de Sonora, a trav\u00e9s de la Secretar\u00eda de Educaci\u00f3n y Cultura (SEC) y el Instituto Sonorense de Cultura (ISC), en colaboraci\u00f3n con la Fundaci\u00f3n Helga Krebs, inaugur\u00f3 la exposici\u00f3n Descubrimientos, una experiencia inmersiva dirigida a la ni\u00f1ez, en el marco del D\u00eda de las Ni\u00f1as y los Ni\u00f1os.<\/p>\n<p>La muestra estar\u00e1 disponible hasta el 6 de septiembre de 2026 en la Sala dos del Museo de Arte de Sonora (Musas) e invita a explorar la creatividad y la imaginaci\u00f3n a trav\u00e9s de un recorrido interactivo.<\/p>\n<p>El evento cont\u00f3 con la presencia de Beatriz Aldaco, directora general del ISC; Carmen Luc\u00eda Mungu\u00eda, secretaria del Sistema Estatal de Protecci\u00f3n Integral de Ni\u00f1as, Ni\u00f1os y Adolescentes del Estado de Sonora; y \u00c9rica Salinas Castillo, presidenta de la Fundaci\u00f3n Helga Krebs.<\/p>\n<p>Descubrimientos, de la artista Helga Krebs y con curadur\u00eda de Abraham Palafox, presenta una propuesta que combina pintura, dibujo, lectura y destreza, a trav\u00e9s de un relato que conecta im\u00e1genes con un universo de personajes y situaciones fant\u00e1sticas.<\/p>\n<p>Dividida en distintos m\u00f3dulos, la exposici\u00f3n propone actividades que invitan a las infancias a interactuar, crear y acercarse al arte desde un enfoque l\u00fadico y educativo, promoviendo la imaginaci\u00f3n, el pensamiento cr\u00edtico y el disfrute cultural.<\/p>\n<p>El p\u00fablico puede visitar esta exposici\u00f3n de mi\u00e9rcoles a domingo, en un horario de 10:00 a 17:00 horas. La entrada general es de 30 pesos, con tarifa preferencial de 15 pesos para estudiantes y personas mayores, mientras que los domingos el acceso es gratuito.<\/p>\n<p>Consulta la agenda de actividades culturales de la entidad en\u00a0<a href=\"http:\/\/isc.sonora.edu.mx\/\" target=\"_blank\" rel=\"noopener\" data-saferedirecturl=\"https:\/\/www.google.com\/url?q=http:\/\/isc.sonora.edu.mx&amp;source=gmail&amp;ust=1777700457710000&amp;usg=AOvVaw0ruDdUOX4fdjasiApFC2Uj\">isc.sonora.edu.mx<\/a>\u00a0y en redes sociales a trav\u00e9s de @iscsonora.<\/p>\n","protected":false},"excerpt":{"rendered":"<p>Hermosillo, Sonora; 30 de abril de 2026.- El Gobierno de Sonora, a trav\u00e9s de la Secretar\u00eda de Educaci\u00f3n y Cultura (SEC) y el Instituto Sonorense de Cultura (ISC), en colaboraci\u00f3n con la Fundaci\u00f3n Helga Krebs, inaugur\u00f3 la exposici\u00f3n Descubrimientos, una experiencia inmersiva dirigida a la ni\u00f1ez, en el marco del D\u00eda de las Ni\u00f1as y [&hellip;]<\/p>\n","protected":false},"author":2,"featured_media":254526,"comment_status":"closed","ping_status":"closed","sticky":false,"template":"","format":"standard","meta":{"footnotes":""},"categories":[1],"tags":[12872],"class_list":["post-254525","post","type-post","status-publish","format-standard","has-post-thumbnail","hentry","category-uncategorized","tag-uncategorized"],"jetpack_featured_media_url":"https:\/\/rnoticias.com.mx\/Portal\/wp-content\/uploads\/2026\/04\/77.jpg","amp_enabled":true,"_links":{"self":[{"href":"https:\/\/rnoticias.com.mx\/Portal\/wp-json\/wp\/v2\/posts\/254525","targetHints":{"allow":["GET"]}}],"collection":[{"href":"https:\/\/rnoticias.com.mx\/Portal\/wp-json\/wp\/v2\/posts"}],"about":[{"href":"https:\/\/rnoticias.com.mx\/Portal\/wp-json\/wp\/v2\/types\/post"}],"author":[{"embeddable":true,"href":"https:\/\/rnoticias.com.mx\/Portal\/wp-json\/wp\/v2\/users\/2"}],"replies":[{"embeddable":true,"href":"https:\/\/rnoticias.com.mx\/Portal\/wp-json\/wp\/v2\/comments?post=254525"}],"version-history":[{"count":1,"href":"https:\/\/rnoticias.com.mx\/Portal\/wp-json\/wp\/v2\/posts\/254525\/revisions"}],"predecessor-version":[{"id":254527,"href":"https:\/\/rnoticias.com.mx\/Portal\/wp-json\/wp\/v2\/posts\/254525\/revisions\/254527"}],"wp:featuredmedia":[{"embeddable":true,"href":"https:\/\/rnoticias.com.mx\/Portal\/wp-json\/wp\/v2\/media\/254526"}],"wp:attachment":[{"href":"https:\/\/rnoticias.com.mx\/Portal\/wp-json\/wp\/v2\/media?parent=254525"}],"wp:term":[{"taxonomy":"category","embeddable":true,"href":"https:\/\/rnoticias.com.mx\/Portal\/wp-json\/wp\/v2\/categories?post=254525"},{"taxonomy":"post_tag","embeddable":true,"href":"https:\/\/rnoticias.com.mx\/Portal\/wp-json\/wp\/v2\/tags?post=254525"}],"curies":[{"name":"wp","href":"https:\/\/api.w.org\/{rel}","templated":true}]}}