{"id":254522,"date":"2026-04-30T22:47:00","date_gmt":"2026-05-01T05:47:00","guid":{"rendered":"https:\/\/rnoticias.com.mx\/Portal\/?p=254522"},"modified":"2026-04-30T22:47:00","modified_gmt":"2026-05-01T05:47:00","slug":"gobierno-de-sonora-lleva-festejos-del-dia-de-la-ninez-a-comunidades-y-ejidos","status":"publish","type":"post","link":"https:\/\/rnoticias.com.mx\/Portal\/2026\/04\/30\/gobierno-de-sonora-lleva-festejos-del-dia-de-la-ninez-a-comunidades-y-ejidos\/","title":{"rendered":"Gobierno de Sonora lleva festejos del D\u00eda de la Ni\u00f1ez a comunidades y ejidos"},"content":{"rendered":"<p>Hermosillo, Sonora; 30 de abril de 2026.- El Gobierno de Sonora, a trav\u00e9s del Voluntariado de Instituto de Seguridad y Servicios Sociales de los Trabajadores del Estado de Sonora (Isssteson), celebr\u00f3 el D\u00eda de la Ni\u00f1ez con m\u00e1s de 400 ni\u00f1os y ni\u00f1as de los ejidos La Pea\u00f1a, Plan de Ayala, del campo pesquero Sahu\u00edmaro, as\u00ed como de la comunidad Triqui en el Poblado Miguel Alem\u00e1n, quienes disfrutaron de una fiesta con regalos, juegos, pi\u00f1ata, pastel, dulces y mucha diversi\u00f3n.<\/p>\n<p>Lo anterior fue posible gracias al apoyo del gobernador Alfonso Durazo Monta\u00f1o, as\u00ed como a la participaci\u00f3n del personal del Isssteson y a la organizaci\u00f3n del Voluntariado que preside la se\u00f1ora Sof\u00eda Meraz.<\/p>\n<p>Fue en cuatro fechas distintas, una por comunidad, en las que damas voluntarias y colaboradores hicieron posible el festejo del 30 de abril para 129 menores del Plan de Ayala, 150 de La Pea\u00f1a, 25 ni\u00f1os y ni\u00f1as de El Sahu\u00edmaro y 150 menores de edad de la comunidad Triqui.<\/p>\n<p>Los regalos, dulces, pi\u00f1atas y todo lo que se disfrut\u00f3, estuvo acompa\u00f1ado de una comida o desayuno, donados al Voluntariado por personal de Isssteson y otras personas.<\/p>\n","protected":false},"excerpt":{"rendered":"<p>Hermosillo, Sonora; 30 de abril de 2026.- El Gobierno de Sonora, a trav\u00e9s del Voluntariado de Instituto de Seguridad y Servicios Sociales de los Trabajadores del Estado de Sonora (Isssteson), celebr\u00f3 el D\u00eda de la Ni\u00f1ez con m\u00e1s de 400 ni\u00f1os y ni\u00f1as de los ejidos La Pea\u00f1a, Plan de Ayala, del campo pesquero Sahu\u00edmaro, [&hellip;]<\/p>\n","protected":false},"author":2,"featured_media":254523,"comment_status":"closed","ping_status":"closed","sticky":false,"template":"","format":"standard","meta":{"footnotes":""},"categories":[178],"tags":[12869],"class_list":["post-254522","post","type-post","status-publish","format-standard","has-post-thumbnail","hentry","category-local","tag-local"],"jetpack_featured_media_url":"https:\/\/rnoticias.com.mx\/Portal\/wp-content\/uploads\/2026\/04\/9-2.jpg","amp_enabled":true,"_links":{"self":[{"href":"https:\/\/rnoticias.com.mx\/Portal\/wp-json\/wp\/v2\/posts\/254522","targetHints":{"allow":["GET"]}}],"collection":[{"href":"https:\/\/rnoticias.com.mx\/Portal\/wp-json\/wp\/v2\/posts"}],"about":[{"href":"https:\/\/rnoticias.com.mx\/Portal\/wp-json\/wp\/v2\/types\/post"}],"author":[{"embeddable":true,"href":"https:\/\/rnoticias.com.mx\/Portal\/wp-json\/wp\/v2\/users\/2"}],"replies":[{"embeddable":true,"href":"https:\/\/rnoticias.com.mx\/Portal\/wp-json\/wp\/v2\/comments?post=254522"}],"version-history":[{"count":1,"href":"https:\/\/rnoticias.com.mx\/Portal\/wp-json\/wp\/v2\/posts\/254522\/revisions"}],"predecessor-version":[{"id":254524,"href":"https:\/\/rnoticias.com.mx\/Portal\/wp-json\/wp\/v2\/posts\/254522\/revisions\/254524"}],"wp:featuredmedia":[{"embeddable":true,"href":"https:\/\/rnoticias.com.mx\/Portal\/wp-json\/wp\/v2\/media\/254523"}],"wp:attachment":[{"href":"https:\/\/rnoticias.com.mx\/Portal\/wp-json\/wp\/v2\/media?parent=254522"}],"wp:term":[{"taxonomy":"category","embeddable":true,"href":"https:\/\/rnoticias.com.mx\/Portal\/wp-json\/wp\/v2\/categories?post=254522"},{"taxonomy":"post_tag","embeddable":true,"href":"https:\/\/rnoticias.com.mx\/Portal\/wp-json\/wp\/v2\/tags?post=254522"}],"curies":[{"name":"wp","href":"https:\/\/api.w.org\/{rel}","templated":true}]}}