{"id":254516,"date":"2026-04-30T22:42:13","date_gmt":"2026-05-01T05:42:13","guid":{"rendered":"https:\/\/rnoticias.com.mx\/Portal\/?p=254516"},"modified":"2026-04-30T22:42:13","modified_gmt":"2026-05-01T05:42:13","slug":"encabeza-rocio-chavez-festejo-del-dia-de-la-ninez-en-dif-sonora","status":"publish","type":"post","link":"https:\/\/rnoticias.com.mx\/Portal\/2026\/04\/30\/encabeza-rocio-chavez-festejo-del-dia-de-la-ninez-en-dif-sonora\/","title":{"rendered":"Encabeza Roc\u00edo Ch\u00e1vez festejo del D\u00eda de la Ni\u00f1ez en DIF Sonora"},"content":{"rendered":"<p>Hermosillo, Sonora; 30 de abril de 2026.\u2013 En un ambiente lleno de alegr\u00eda, juegos y convivencia, el Sistema DIF Sonora celebr\u00f3 el D\u00eda de la Ni\u00f1a y el Ni\u00f1o junto a las ni\u00f1as y ni\u00f1os de los Centros de Asistencia Social (CAS) Unacari y Jineseki, en el sal\u00f3n infantil Metr\u00f3polis.<\/p>\n<p>Durante la jornada, acompa\u00f1ados por la presidenta honoraria del sistema DIF Sonora, Mar\u00eda del Roc\u00edo Ch\u00e1vez Murillo, las y los asistentes disfrutaron de actividades recreativas, din\u00e1micas, sorpresas y momentos dise\u00f1ados para fortalecer su bienestar emocional, reafirmando el compromiso de brindarles espacios seguros, dignos y llenos de afecto.<\/p>\n<p>En este contexto, Ch\u00e1vez Murillo, destac\u00f3 el papel fundamental de la Procuradur\u00eda de Protecci\u00f3n de Ni\u00f1as, Ni\u00f1os y Adolescentes, instancia encargada de salvaguardar sus derechos, velar por su integridad y acompa\u00f1ar de manera permanente su desarrollo integral. Su labor es clave para garantizar que cada ni\u00f1a y ni\u00f1o crezca en entornos que promuevan su bienestar, protecci\u00f3n y felicidad.<\/p>\n<p>El Sistema DIF Sonora reiter\u00f3 que trabajar por la ni\u00f1ez es una prioridad, impulsando acciones que fortalezcan su desarrollo pleno y reconociendo que cada infancia merece vivirse con amor, cuidado y oportunidades.<\/p>\n<p>Finalmente, la directora general de DIF Sonora, Lizeth V\u00e1squez Ochoa, agradeci\u00f3 a todas las personas, voluntariados e instituciones que hicieron posible este festejo, contribuyendo a crear un d\u00eda inolvidable para las ni\u00f1as y ni\u00f1os.<\/p>\n","protected":false},"excerpt":{"rendered":"<p>Hermosillo, Sonora; 30 de abril de 2026.\u2013 En un ambiente lleno de alegr\u00eda, juegos y convivencia, el Sistema DIF Sonora celebr\u00f3 el D\u00eda de la Ni\u00f1a y el Ni\u00f1o junto a las ni\u00f1as y ni\u00f1os de los Centros de Asistencia Social (CAS) Unacari y Jineseki, en el sal\u00f3n infantil Metr\u00f3polis. Durante la jornada, acompa\u00f1ados por [&hellip;]<\/p>\n","protected":false},"author":2,"featured_media":254517,"comment_status":"closed","ping_status":"closed","sticky":false,"template":"","format":"standard","meta":{"footnotes":""},"categories":[12870,178],"tags":[12865,12869],"class_list":["post-254516","post","type-post","status-publish","format-standard","has-post-thumbnail","hentry","category-destacadas","category-local","tag-destacadas","tag-local"],"jetpack_featured_media_url":"https:\/\/rnoticias.com.mx\/Portal\/wp-content\/uploads\/2026\/04\/unnamed-97.jpg","amp_enabled":true,"_links":{"self":[{"href":"https:\/\/rnoticias.com.mx\/Portal\/wp-json\/wp\/v2\/posts\/254516","targetHints":{"allow":["GET"]}}],"collection":[{"href":"https:\/\/rnoticias.com.mx\/Portal\/wp-json\/wp\/v2\/posts"}],"about":[{"href":"https:\/\/rnoticias.com.mx\/Portal\/wp-json\/wp\/v2\/types\/post"}],"author":[{"embeddable":true,"href":"https:\/\/rnoticias.com.mx\/Portal\/wp-json\/wp\/v2\/users\/2"}],"replies":[{"embeddable":true,"href":"https:\/\/rnoticias.com.mx\/Portal\/wp-json\/wp\/v2\/comments?post=254516"}],"version-history":[{"count":1,"href":"https:\/\/rnoticias.com.mx\/Portal\/wp-json\/wp\/v2\/posts\/254516\/revisions"}],"predecessor-version":[{"id":254518,"href":"https:\/\/rnoticias.com.mx\/Portal\/wp-json\/wp\/v2\/posts\/254516\/revisions\/254518"}],"wp:featuredmedia":[{"embeddable":true,"href":"https:\/\/rnoticias.com.mx\/Portal\/wp-json\/wp\/v2\/media\/254517"}],"wp:attachment":[{"href":"https:\/\/rnoticias.com.mx\/Portal\/wp-json\/wp\/v2\/media?parent=254516"}],"wp:term":[{"taxonomy":"category","embeddable":true,"href":"https:\/\/rnoticias.com.mx\/Portal\/wp-json\/wp\/v2\/categories?post=254516"},{"taxonomy":"post_tag","embeddable":true,"href":"https:\/\/rnoticias.com.mx\/Portal\/wp-json\/wp\/v2\/tags?post=254516"}],"curies":[{"name":"wp","href":"https:\/\/api.w.org\/{rel}","templated":true}]}}