{"id":254513,"date":"2026-04-30T22:41:11","date_gmt":"2026-05-01T05:41:11","guid":{"rendered":"https:\/\/rnoticias.com.mx\/Portal\/?p=254513"},"modified":"2026-04-30T22:41:11","modified_gmt":"2026-05-01T05:41:11","slug":"celebramos-el-dia-de-la-nina-y-el-nino-protegiendo-sus-derechos-lorenia-valles","status":"publish","type":"post","link":"https:\/\/rnoticias.com.mx\/Portal\/2026\/04\/30\/celebramos-el-dia-de-la-nina-y-el-nino-protegiendo-sus-derechos-lorenia-valles\/","title":{"rendered":"Celebramos el D\u00eda de la Ni\u00f1a y el Ni\u00f1o protegiendo sus derechos: Lorenia Valles"},"content":{"rendered":"<p>Hermosillo, Sonora, a 30 de abril de 2026<\/p>\n<p>\u201cDesde el Senado de la Rep\u00fablica, celebramos el D\u00eda de la Ni\u00f1a y el Ni\u00f1o trabajando para garantizar y proteger sus derechos, entre ellos, la vida, una alimentaci\u00f3n saludable, vivir en familia y recibir una crianza amorosa, el juego, la educaci\u00f3n, la recreaci\u00f3n, la salud y, desde luego, a disfrutar del internet y de los dispositivos tecnol\u00f3gicos con seguridad y acompa\u00f1amiento\u201d, afirm\u00f3 la senadora Lorenia Valles.<\/p>\n<p>&nbsp;<\/p>\n<p>En el marco del D\u00eda de la Ni\u00f1a y el Ni\u00f1o, la legisladora sonorense expres\u00f3 que en M\u00e9xico viven m\u00e1s de 30 millones de ni\u00f1as y ni\u00f1os, de los cuales, alrededor de 560 mil residen en Sonora y quienes tienen necesidades espec\u00edficas de acuerdo con su edad y contexto de vida.<\/p>\n<p>&nbsp;<\/p>\n<p>\u201cHay muchas formas de vivir la ni\u00f1ez, ya sea por la edad en que se encuentran, su lugar de origen, la situaci\u00f3n econ\u00f3mica del hogar donde viven, as\u00ed como su entorno familiar y comunitario. Independientemente de estas condiciones, cada ni\u00f1a y cada ni\u00f1o tiene derecho a disfrutar de una vida feliz, en la que se sientan queridos y escuchados, se respeten sus derechos y sean libres de cualquier forma de violencia\u201d, asegur\u00f3 la senadora.<\/p>\n<p>&nbsp;<\/p>\n<p>Valles Sampedro mencion\u00f3 las propuestas que ha impulsado en el Senado de la Rep\u00fablica en materia de infancias y adolescentes, entre ellas, la que busca proteger a ni\u00f1as y ni\u00f1os extranjeros que se encuentran en M\u00e9xico en condici\u00f3n de refugiados; la relativa a fortalecer las obligaciones alimentarias de sus progenitores; as\u00ed como las dirigidas a proteger sus derechos en el entorno digital y regular el uso que hacen de las redes sociales.<\/p>\n<p>&nbsp;<\/p>\n<p>\u201cLa ni\u00f1ez es una etapa muy bonita del desarrollo de las personas, tan es as\u00ed que forma parte de nuestros recuerdos personales y de los momentos m\u00e1s preciados que vivimos con nuestras hijas e hijos. Pero tambi\u00e9n es una etapa de vulnerabilidad que requiere de nuestro acompa\u00f1amiento. Desde la actividad legislativa y de gobierno, en corresponsabilidad con las familias y los centros de trabajo, debemos seguir trabajando para que las ni\u00f1as y los ni\u00f1os gocen de un presente con bienestar y de un mejor futuro. Un ni\u00f1o feliz ser\u00e1 un adulto feliz\u201d, concluy\u00f3 la senadora.<\/p>\n","protected":false},"excerpt":{"rendered":"<p>Hermosillo, Sonora, a 30 de abril de 2026 \u201cDesde el Senado de la Rep\u00fablica, celebramos el D\u00eda de la Ni\u00f1a y el Ni\u00f1o trabajando para garantizar y proteger sus derechos, entre ellos, la vida, una alimentaci\u00f3n saludable, vivir en familia y recibir una crianza amorosa, el juego, la educaci\u00f3n, la recreaci\u00f3n, la salud y, desde [&hellip;]<\/p>\n","protected":false},"author":2,"featured_media":254514,"comment_status":"closed","ping_status":"closed","sticky":false,"template":"","format":"standard","meta":{"footnotes":""},"categories":[12870,12868],"tags":[12865,12879],"class_list":["post-254513","post","type-post","status-publish","format-standard","has-post-thumbnail","hentry","category-destacadas","category-politica","tag-destacadas","tag-politica"],"jetpack_featured_media_url":"https:\/\/rnoticias.com.mx\/Portal\/wp-content\/uploads\/2026\/04\/8003.jpg","amp_enabled":true,"_links":{"self":[{"href":"https:\/\/rnoticias.com.mx\/Portal\/wp-json\/wp\/v2\/posts\/254513","targetHints":{"allow":["GET"]}}],"collection":[{"href":"https:\/\/rnoticias.com.mx\/Portal\/wp-json\/wp\/v2\/posts"}],"about":[{"href":"https:\/\/rnoticias.com.mx\/Portal\/wp-json\/wp\/v2\/types\/post"}],"author":[{"embeddable":true,"href":"https:\/\/rnoticias.com.mx\/Portal\/wp-json\/wp\/v2\/users\/2"}],"replies":[{"embeddable":true,"href":"https:\/\/rnoticias.com.mx\/Portal\/wp-json\/wp\/v2\/comments?post=254513"}],"version-history":[{"count":1,"href":"https:\/\/rnoticias.com.mx\/Portal\/wp-json\/wp\/v2\/posts\/254513\/revisions"}],"predecessor-version":[{"id":254515,"href":"https:\/\/rnoticias.com.mx\/Portal\/wp-json\/wp\/v2\/posts\/254513\/revisions\/254515"}],"wp:featuredmedia":[{"embeddable":true,"href":"https:\/\/rnoticias.com.mx\/Portal\/wp-json\/wp\/v2\/media\/254514"}],"wp:attachment":[{"href":"https:\/\/rnoticias.com.mx\/Portal\/wp-json\/wp\/v2\/media?parent=254513"}],"wp:term":[{"taxonomy":"category","embeddable":true,"href":"https:\/\/rnoticias.com.mx\/Portal\/wp-json\/wp\/v2\/categories?post=254513"},{"taxonomy":"post_tag","embeddable":true,"href":"https:\/\/rnoticias.com.mx\/Portal\/wp-json\/wp\/v2\/tags?post=254513"}],"curies":[{"name":"wp","href":"https:\/\/api.w.org\/{rel}","templated":true}]}}