{"id":254501,"date":"2026-04-30T22:13:10","date_gmt":"2026-05-01T05:13:10","guid":{"rendered":"https:\/\/rnoticias.com.mx\/Portal\/?p=254501"},"modified":"2026-04-30T22:13:10","modified_gmt":"2026-05-01T05:13:10","slug":"despacito-supera-los-9-mil-millones-de-reproducciones","status":"publish","type":"post","link":"https:\/\/rnoticias.com.mx\/Portal\/2026\/04\/30\/despacito-supera-los-9-mil-millones-de-reproducciones\/","title":{"rendered":"\u201cDespacito\u201d supera los 9 mil millones de reproducciones"},"content":{"rendered":"<p>A casi una d\u00e9cada de su lanzamiento,\u00a0Despacito, interpretada por\u00a0Luis Fonsi\u00a0y\u00a0Daddy Yankee, super\u00f3 los 9 mil millones de reproducciones en la plataforma\u00a0YouTube, consolid\u00e1ndose como uno de los videos m\u00e1s vistos de la historia.<\/p>\n<p>Con este logro, la canci\u00f3n se mantiene como el video m\u00e1s reproducido de un artista masculino en la plataforma, reafirmando su impacto global y su permanencia a lo largo del tiempo.<\/p>\n<p>En t\u00e9rminos musicales, el tema marc\u00f3 r\u00e9cords en listas como Hot Latin Songs de Billboard, donde permaneci\u00f3 35 semanas consecutivas en el primer lugar y acumul\u00f3 56 semanas en total en la cima.<\/p>\n<p>Adem\u00e1s, su video oficial destac\u00f3 por su longevidad en rankings, con 479 semanas de presencia, y fue uno de los m\u00e1s r\u00e1pidos en alcanzar los mil millones de reproducciones.<\/p>\n<p>El \u00e9xito de \u201cDespacito\u201d tambi\u00e9n fue reconocido con siete r\u00e9cords Guinness World Records, adem\u00e1s de su inclusi\u00f3n en listados de medios como Rolling Stone y Time, que destacaron su influencia cultural.<\/p>\n<p>M\u00e1s all\u00e1 de las cifras, el tema impuls\u00f3 la proyecci\u00f3n global del pop en espa\u00f1ol, abriendo puertas para que la m\u00fasica latina alcanzara nuevas audiencias a nivel internacional.<\/p>\n<p>De cara a su d\u00e9cimo aniversario en 2027, \u201cDespacito\u201d contin\u00faa sumando reproducciones y consolid\u00e1ndose como uno de los mayores fen\u00f3menos de la m\u00fasica contempor\u00e1nea.<\/p>\n","protected":false},"excerpt":{"rendered":"<p>A casi una d\u00e9cada de su lanzamiento,\u00a0Despacito, interpretada por\u00a0Luis Fonsi\u00a0y\u00a0Daddy Yankee, super\u00f3 los 9 mil millones de reproducciones en la plataforma\u00a0YouTube, consolid\u00e1ndose como uno de los videos m\u00e1s vistos de la historia. Con este logro, la canci\u00f3n se mantiene como el video m\u00e1s reproducido de un artista masculino en la plataforma, reafirmando su impacto global [&hellip;]<\/p>\n","protected":false},"author":2,"featured_media":254502,"comment_status":"closed","ping_status":"closed","sticky":false,"template":"","format":"standard","meta":{"footnotes":""},"categories":[12870,219],"tags":[12865,12875],"class_list":["post-254501","post","type-post","status-publish","format-standard","has-post-thumbnail","hentry","category-destacadas","category-espectaculos","tag-destacadas","tag-espectaculos"],"jetpack_featured_media_url":"https:\/\/rnoticias.com.mx\/Portal\/wp-content\/uploads\/2026\/04\/69f0cd86df3b9.png","amp_enabled":true,"_links":{"self":[{"href":"https:\/\/rnoticias.com.mx\/Portal\/wp-json\/wp\/v2\/posts\/254501","targetHints":{"allow":["GET"]}}],"collection":[{"href":"https:\/\/rnoticias.com.mx\/Portal\/wp-json\/wp\/v2\/posts"}],"about":[{"href":"https:\/\/rnoticias.com.mx\/Portal\/wp-json\/wp\/v2\/types\/post"}],"author":[{"embeddable":true,"href":"https:\/\/rnoticias.com.mx\/Portal\/wp-json\/wp\/v2\/users\/2"}],"replies":[{"embeddable":true,"href":"https:\/\/rnoticias.com.mx\/Portal\/wp-json\/wp\/v2\/comments?post=254501"}],"version-history":[{"count":1,"href":"https:\/\/rnoticias.com.mx\/Portal\/wp-json\/wp\/v2\/posts\/254501\/revisions"}],"predecessor-version":[{"id":254503,"href":"https:\/\/rnoticias.com.mx\/Portal\/wp-json\/wp\/v2\/posts\/254501\/revisions\/254503"}],"wp:featuredmedia":[{"embeddable":true,"href":"https:\/\/rnoticias.com.mx\/Portal\/wp-json\/wp\/v2\/media\/254502"}],"wp:attachment":[{"href":"https:\/\/rnoticias.com.mx\/Portal\/wp-json\/wp\/v2\/media?parent=254501"}],"wp:term":[{"taxonomy":"category","embeddable":true,"href":"https:\/\/rnoticias.com.mx\/Portal\/wp-json\/wp\/v2\/categories?post=254501"},{"taxonomy":"post_tag","embeddable":true,"href":"https:\/\/rnoticias.com.mx\/Portal\/wp-json\/wp\/v2\/tags?post=254501"}],"curies":[{"name":"wp","href":"https:\/\/api.w.org\/{rel}","templated":true}]}}