{"id":254489,"date":"2026-04-30T22:06:19","date_gmt":"2026-05-01T05:06:19","guid":{"rendered":"https:\/\/rnoticias.com.mx\/Portal\/?p=254489"},"modified":"2026-04-30T22:06:19","modified_gmt":"2026-05-01T05:06:19","slug":"asesinan-a-lider-electo-del-sindicato-de-trabajadores-de-culiacan","status":"publish","type":"post","link":"https:\/\/rnoticias.com.mx\/Portal\/2026\/04\/30\/asesinan-a-lider-electo-del-sindicato-de-trabajadores-de-culiacan\/","title":{"rendered":"Asesinan a l\u00edder electo del Sindicato de Trabajadores de Culiac\u00e1n"},"content":{"rendered":"<p>El dirigente del Sindicato de Trabajadores al Servicio del Ayuntamiento de Culiac\u00e1n (Stasac),\u00a0<strong>Homar Salas<\/strong>, fue asesinado este jueves en un ataque armado en la capital del estado de Sinaloa, inform\u00f3 el alcalde del municipio,\u00a0<strong>Juan de Dios G\u00e1mez<\/strong>.<\/p>\n<p>\u201cLamento el deceso del secretario general electo del Stasac, el compa\u00f1ero Homar Salas, tras sufrir un cobarde atentado esta ma\u00f1ana. Son hechos que repudiamos y por los que esperamos una investigaci\u00f3n exhaustiva. Mi abrazo solidario a su familia, a sus amigos y a los trabajadores del Ayuntamiento\u201d, public\u00f3 en sus\u00a0<strong>redes sociales<\/strong>.<\/p>\n<p>Este\u00a0<strong>asesinato<\/strong>\u00a0<strong>en Sinaloa<\/strong>, uno de los focos de la\u00a0<strong>crisis de seguridad<\/strong>\u00a0que vive M\u00e9xico, ocurre apenas un d\u00eda despu\u00e9s de que la Justicia estadounidense haya acusado al gobernador del estado,\u00a0<strong>Rub\u00e9n Rocha<\/strong>, y al alcalde de Culiac\u00e1n de\u00a0<strong>narcotr\u00e1fico<\/strong>\u00a0y de estar ligados con el\u00a0<strong>C\u00e1rtel de Sinaloa<\/strong>, en concreto con la facci\u00f3n de\u00a0<strong>Los Chapitos<\/strong>, y posesi\u00f3n de armas.<\/p>\n<p>En el ataque contra el l\u00edder sindical result\u00f3 herido un agente de la Polic\u00eda Municipal, que despleg\u00f3 un fuerte operativo para dar con los responsables del\u00a0<strong>crimen<\/strong>, seg\u00fan medios locales.<\/p>\n<p>De acuerdo a estos mismos medios, el dirigente del sindicato municipal hab\u00eda recibido\u00a0<strong>intentos de agresi\u00f3n<\/strong>, ya que en febrero pasado\u00a0<strong>hombres armados<\/strong>\u00a0llegaron a su domicilio y dispararon contra la fachada, sin dejar\u00a0<strong>heridos<\/strong>.<\/p>\n<p>Tambi\u00e9n fue v\u00edctima de amenazas, con pintadas en la propia sede de la organizaci\u00f3n de trabajadores.<\/p>\n<p>Este asesinato se produce en medio de un sismo pol\u00edtico en M\u00e9xico, provocado por la acusaci\u00f3n de EUA contra 10 funcionarios de ese estado, entre los que destaca el gobernador y el alcalde de Culiac\u00e1n.<\/p>\n<p>Ambos negaron categ\u00f3ricamente los hechos y, en el caso del gobernador, afirm\u00f3 que \u201ccarece de fundamento\u201d al ser un \u201cataque\u201d a su persona y al movimiento que encabeza la presidenta,\u00a0<strong>Claudia Sheinbaum<\/strong>, de su mismo partido.<\/p>\n","protected":false},"excerpt":{"rendered":"<p>El dirigente del Sindicato de Trabajadores al Servicio del Ayuntamiento de Culiac\u00e1n (Stasac),\u00a0Homar Salas, fue asesinado este jueves en un ataque armado en la capital del estado de Sinaloa, inform\u00f3 el alcalde del municipio,\u00a0Juan de Dios G\u00e1mez. \u201cLamento el deceso del secretario general electo del Stasac, el compa\u00f1ero Homar Salas, tras sufrir un cobarde atentado [&hellip;]<\/p>\n","protected":false},"author":2,"featured_media":254490,"comment_status":"closed","ping_status":"closed","sticky":false,"template":"","format":"standard","meta":{"footnotes":""},"categories":[12870,172],"tags":[12865,12874],"class_list":["post-254489","post","type-post","status-publish","format-standard","has-post-thumbnail","hentry","category-destacadas","category-nacional","tag-destacadas","tag-nacional"],"jetpack_featured_media_url":"https:\/\/rnoticias.com.mx\/Portal\/wp-content\/uploads\/2026\/04\/784.webp","amp_enabled":true,"_links":{"self":[{"href":"https:\/\/rnoticias.com.mx\/Portal\/wp-json\/wp\/v2\/posts\/254489","targetHints":{"allow":["GET"]}}],"collection":[{"href":"https:\/\/rnoticias.com.mx\/Portal\/wp-json\/wp\/v2\/posts"}],"about":[{"href":"https:\/\/rnoticias.com.mx\/Portal\/wp-json\/wp\/v2\/types\/post"}],"author":[{"embeddable":true,"href":"https:\/\/rnoticias.com.mx\/Portal\/wp-json\/wp\/v2\/users\/2"}],"replies":[{"embeddable":true,"href":"https:\/\/rnoticias.com.mx\/Portal\/wp-json\/wp\/v2\/comments?post=254489"}],"version-history":[{"count":1,"href":"https:\/\/rnoticias.com.mx\/Portal\/wp-json\/wp\/v2\/posts\/254489\/revisions"}],"predecessor-version":[{"id":254491,"href":"https:\/\/rnoticias.com.mx\/Portal\/wp-json\/wp\/v2\/posts\/254489\/revisions\/254491"}],"wp:featuredmedia":[{"embeddable":true,"href":"https:\/\/rnoticias.com.mx\/Portal\/wp-json\/wp\/v2\/media\/254490"}],"wp:attachment":[{"href":"https:\/\/rnoticias.com.mx\/Portal\/wp-json\/wp\/v2\/media?parent=254489"}],"wp:term":[{"taxonomy":"category","embeddable":true,"href":"https:\/\/rnoticias.com.mx\/Portal\/wp-json\/wp\/v2\/categories?post=254489"},{"taxonomy":"post_tag","embeddable":true,"href":"https:\/\/rnoticias.com.mx\/Portal\/wp-json\/wp\/v2\/tags?post=254489"}],"curies":[{"name":"wp","href":"https:\/\/api.w.org\/{rel}","templated":true}]}}