{"id":254483,"date":"2026-04-30T21:59:41","date_gmt":"2026-05-01T04:59:41","guid":{"rendered":"https:\/\/rnoticias.com.mx\/Portal\/?p=254483"},"modified":"2026-04-30T21:59:41","modified_gmt":"2026-05-01T04:59:41","slug":"fgr-iniciara-investigacion-contra-ruben-rocha-moya","status":"publish","type":"post","link":"https:\/\/rnoticias.com.mx\/Portal\/2026\/04\/30\/fgr-iniciara-investigacion-contra-ruben-rocha-moya\/","title":{"rendered":"FGR iniciar\u00e1 investigaci\u00f3n contra Rub\u00e9n Rocha Moya"},"content":{"rendered":"<p><strong>La Fiscal\u00eda General de la Rep\u00fablica (FGR) anunci\u00f3 que abrir\u00e1 una investigaci\u00f3n<\/strong>\u00a0sobre las acusaciones presentadas por autoridades estadounidenses contra varios funcionarios del estado de Sinaloa, entre ellos el gobernador Rub\u00e9n Rocha Moya.<\/p>\n<p>Durante una conferencia de prensa el 29 de abril, el vocero de la FGR, Ulises Lara\u202fL\u00f3pez, inform\u00f3 que la instituci\u00f3n revisar\u00e1 la informaci\u00f3n proporcionada por EE.\u202fUU., contenida en un documento de 34 p\u00e1ginas que detalla supuestos delitos cometidos en favor de la facci\u00f3n de Los Chapitos del C\u00e1rtel de Sinaloa.<\/p>\n<p>En paralelo, la Secretar\u00eda de Relaciones Exteriores (SRE) confirm\u00f3 que el 28 de abril a las 18:00\u202fh recibi\u00f3 solicitudes de extradici\u00f3n emitidas por EE.\u202fUU. para varios individuos vinculados a los presuntos actos delictivos.<\/p>\n<p>La FGR es la autoridad competente para determinar si existen elementos probatorios suficientes que justifiquen la extradici\u00f3n. Seg\u00fan Lara\u202fL\u00f3pez, &#8220;se ha turnado la informaci\u00f3n recibida a la Fiscal\u00eda General de la Rep\u00fablica para que se eval\u00faen dichas solicitudes conforme a la legislaci\u00f3n mexicana&#8221;.<\/p>\n<p>En caso de que se encuentre evidencia suficiente, la extradici\u00f3n quedar\u00e1 supeditada al cumplimiento de los requisitos legales, entre ellos la realizaci\u00f3n de un juicio pol\u00edtico contra el gobernador, procedimiento que debe ser aprobado por el Congreso de la Uni\u00f3n.<\/p>\n<p>Hasta el momento, la informaci\u00f3n sigue en desarrollo y la FGR no ha emitido una decisi\u00f3n definitiva sobre la extradici\u00f3n ni sobre la posible responsabilidad penal del gobernador Rocha Moya.<\/p>\n","protected":false},"excerpt":{"rendered":"<p>La Fiscal\u00eda General de la Rep\u00fablica (FGR) anunci\u00f3 que abrir\u00e1 una investigaci\u00f3n\u00a0sobre las acusaciones presentadas por autoridades estadounidenses contra varios funcionarios del estado de Sinaloa, entre ellos el gobernador Rub\u00e9n Rocha Moya. Durante una conferencia de prensa el 29 de abril, el vocero de la FGR, Ulises Lara\u202fL\u00f3pez, inform\u00f3 que la instituci\u00f3n revisar\u00e1 la informaci\u00f3n [&hellip;]<\/p>\n","protected":false},"author":2,"featured_media":254484,"comment_status":"closed","ping_status":"closed","sticky":false,"template":"","format":"standard","meta":{"footnotes":""},"categories":[12870,172],"tags":[12865,12874],"class_list":["post-254483","post","type-post","status-publish","format-standard","has-post-thumbnail","hentry","category-destacadas","category-nacional","tag-destacadas","tag-nacional"],"jetpack_featured_media_url":"https:\/\/rnoticias.com.mx\/Portal\/wp-content\/uploads\/2026\/04\/rocha-moya-extradicion.webp","amp_enabled":true,"_links":{"self":[{"href":"https:\/\/rnoticias.com.mx\/Portal\/wp-json\/wp\/v2\/posts\/254483","targetHints":{"allow":["GET"]}}],"collection":[{"href":"https:\/\/rnoticias.com.mx\/Portal\/wp-json\/wp\/v2\/posts"}],"about":[{"href":"https:\/\/rnoticias.com.mx\/Portal\/wp-json\/wp\/v2\/types\/post"}],"author":[{"embeddable":true,"href":"https:\/\/rnoticias.com.mx\/Portal\/wp-json\/wp\/v2\/users\/2"}],"replies":[{"embeddable":true,"href":"https:\/\/rnoticias.com.mx\/Portal\/wp-json\/wp\/v2\/comments?post=254483"}],"version-history":[{"count":1,"href":"https:\/\/rnoticias.com.mx\/Portal\/wp-json\/wp\/v2\/posts\/254483\/revisions"}],"predecessor-version":[{"id":254485,"href":"https:\/\/rnoticias.com.mx\/Portal\/wp-json\/wp\/v2\/posts\/254483\/revisions\/254485"}],"wp:featuredmedia":[{"embeddable":true,"href":"https:\/\/rnoticias.com.mx\/Portal\/wp-json\/wp\/v2\/media\/254484"}],"wp:attachment":[{"href":"https:\/\/rnoticias.com.mx\/Portal\/wp-json\/wp\/v2\/media?parent=254483"}],"wp:term":[{"taxonomy":"category","embeddable":true,"href":"https:\/\/rnoticias.com.mx\/Portal\/wp-json\/wp\/v2\/categories?post=254483"},{"taxonomy":"post_tag","embeddable":true,"href":"https:\/\/rnoticias.com.mx\/Portal\/wp-json\/wp\/v2\/tags?post=254483"}],"curies":[{"name":"wp","href":"https:\/\/api.w.org\/{rel}","templated":true}]}}