{"id":254480,"date":"2026-04-30T21:58:10","date_gmt":"2026-05-01T04:58:10","guid":{"rendered":"https:\/\/rnoticias.com.mx\/Portal\/?p=254480"},"modified":"2026-04-30T21:58:10","modified_gmt":"2026-05-01T04:58:10","slug":"alexis-ayala-confirma-su-divorcio-de-cinthia-aparicio","status":"publish","type":"post","link":"https:\/\/rnoticias.com.mx\/Portal\/2026\/04\/30\/alexis-ayala-confirma-su-divorcio-de-cinthia-aparicio\/","title":{"rendered":"Alexis Ayala confirma su divorcio de Cinthia Aparicio"},"content":{"rendered":"<p><strong>Alexis Ayala confirm\u00f3 oficialmente su divorcio de Cinthia Aparicio<\/strong>\u00a0en una entrevista concedida a la revista\u00a0<em>Caras<\/em>. El reconocido villano de telenovelas declar\u00f3 que &#8220;estamos separados Cinthia Aparicio y yo&#8221;, y explic\u00f3 que la ruptura fue iniciativa de su esposa, quien decidi\u00f3 poner fin al matrimonio despu\u00e9s de analizar su relaci\u00f3n.<\/p>\n<p>El actor no ofreci\u00f3 detalles sobre los motivos espec\u00edficos que llevaron a Aparicio a tomar la decisi\u00f3n, ni indic\u00f3 la fecha exacta en que comenzaron a vivir separados. Sin embargo, asegur\u00f3 que se siente &#8220;bien y tranquilo&#8221; con la resoluci\u00f3n y que ha encontrado consuelo en sus hijas durante esta nueva etapa de solter\u00eda.<\/p>\n<p>Por su parte, Cinthia Aparicio a\u00fan no ha emitido un comunicado oficial. Sin embargo, public\u00f3 una historia en Instagram que varios internautas interpretaron como una indirecta relacionada con la separaci\u00f3n.<\/p>\n<p>La pareja se conoci\u00f3 en 2021 durante la grabaci\u00f3n de la telenovela\u00a0<em>Si nos dejan<\/em>, iniciaron una relaci\u00f3n amorosa, anunciaron su compromiso en 2022 y contrajeron matrimonio civil en junio de 2023 en la Ciudad de M\u00e9xico. La noticia del divorcio marca el fin de una uni\u00f3n que dur\u00f3 poco m\u00e1s de tres a\u00f1os.<\/p>\n<p>Esta informaci\u00f3n est\u00e1 en desarrollo y se actualizar\u00e1 conforme se conozcan nuevos detalles.<\/p>\n","protected":false},"excerpt":{"rendered":"<p>Alexis Ayala confirm\u00f3 oficialmente su divorcio de Cinthia Aparicio\u00a0en una entrevista concedida a la revista\u00a0Caras. El reconocido villano de telenovelas declar\u00f3 que &#8220;estamos separados Cinthia Aparicio y yo&#8221;, y explic\u00f3 que la ruptura fue iniciativa de su esposa, quien decidi\u00f3 poner fin al matrimonio despu\u00e9s de analizar su relaci\u00f3n. El actor no ofreci\u00f3 detalles sobre [&hellip;]<\/p>\n","protected":false},"author":2,"featured_media":254481,"comment_status":"closed","ping_status":"closed","sticky":false,"template":"","format":"standard","meta":{"footnotes":""},"categories":[12870,219],"tags":[12865,12875],"class_list":["post-254480","post","type-post","status-publish","format-standard","has-post-thumbnail","hentry","category-destacadas","category-espectaculos","tag-destacadas","tag-espectaculos"],"jetpack_featured_media_url":"https:\/\/rnoticias.com.mx\/Portal\/wp-content\/uploads\/2026\/04\/098.jpg","amp_enabled":true,"_links":{"self":[{"href":"https:\/\/rnoticias.com.mx\/Portal\/wp-json\/wp\/v2\/posts\/254480","targetHints":{"allow":["GET"]}}],"collection":[{"href":"https:\/\/rnoticias.com.mx\/Portal\/wp-json\/wp\/v2\/posts"}],"about":[{"href":"https:\/\/rnoticias.com.mx\/Portal\/wp-json\/wp\/v2\/types\/post"}],"author":[{"embeddable":true,"href":"https:\/\/rnoticias.com.mx\/Portal\/wp-json\/wp\/v2\/users\/2"}],"replies":[{"embeddable":true,"href":"https:\/\/rnoticias.com.mx\/Portal\/wp-json\/wp\/v2\/comments?post=254480"}],"version-history":[{"count":1,"href":"https:\/\/rnoticias.com.mx\/Portal\/wp-json\/wp\/v2\/posts\/254480\/revisions"}],"predecessor-version":[{"id":254482,"href":"https:\/\/rnoticias.com.mx\/Portal\/wp-json\/wp\/v2\/posts\/254480\/revisions\/254482"}],"wp:featuredmedia":[{"embeddable":true,"href":"https:\/\/rnoticias.com.mx\/Portal\/wp-json\/wp\/v2\/media\/254481"}],"wp:attachment":[{"href":"https:\/\/rnoticias.com.mx\/Portal\/wp-json\/wp\/v2\/media?parent=254480"}],"wp:term":[{"taxonomy":"category","embeddable":true,"href":"https:\/\/rnoticias.com.mx\/Portal\/wp-json\/wp\/v2\/categories?post=254480"},{"taxonomy":"post_tag","embeddable":true,"href":"https:\/\/rnoticias.com.mx\/Portal\/wp-json\/wp\/v2\/tags?post=254480"}],"curies":[{"name":"wp","href":"https:\/\/api.w.org\/{rel}","templated":true}]}}