{"id":254477,"date":"2026-04-30T21:56:55","date_gmt":"2026-05-01T04:56:55","guid":{"rendered":"https:\/\/rnoticias.com.mx\/Portal\/?p=254477"},"modified":"2026-04-30T21:56:55","modified_gmt":"2026-05-01T04:56:55","slug":"emilio-azcarraga-jean-respalda-total-a-andre-jardine-y-al-america-antes-del-choque-contra-pumas","status":"publish","type":"post","link":"https:\/\/rnoticias.com.mx\/Portal\/2026\/04\/30\/emilio-azcarraga-jean-respalda-total-a-andre-jardine-y-al-america-antes-del-choque-contra-pumas\/","title":{"rendered":"Emilio Azc\u00e1rraga Jean respalda total a Andr\u00e9\u202fJardine y al Am\u00e9rica antes del choque contra Pumas"},"content":{"rendered":"<p><strong>Emilio\u202fAzc\u00e1rraga\u202fJean, propietario del Club Am\u00e9rica, reiter\u00f3 su total respaldo al cuerpo t\u00e9cnico encabezado por el brasile\u00f1o Andr\u00e9\u202fJardine<\/strong>\u00a0a pocos d\u00edas del partido de ida de los cuartos de final contra los Pumas, que se disputar\u00e1 en el Estadio Azteca.<\/p>\n<p>En declaraciones concedidas a la prensa, el dirigente subray\u00f3 que el club ha demostrado\u00a0<em>consistencia en torneos cortos<\/em> y ha mantenido una presencia constante en la fase final del campeonato durante los \u00faltimos a\u00f1os, lo que le permite confiar plenamente en la capacidad del entrenador y su plantel para afrontar la fase definitiva del torneo.<\/p>\n<p>Azc\u00e1rraga Jean tambi\u00e9n resalt\u00f3 los resultados obtenidos en la \u00faltima temporada, calific\u00e1ndolos de \u201csobresalientes dentro del f\u00fatbol mexicano\u201d. Adem\u00e1s, coment\u00f3 que los recientes encuentros de la Selecci\u00f3n Nacional y de clubes como Am\u00e9rica y Cruz\u202fAzul en el renovado Estadio Banorte han servido como pruebas clave para evaluar las mejoras realizadas en el recinto.<\/p>\n<p>Con este respaldo institucional, el Am\u00e9rica se prepara para una nueva liguilla bajo la presi\u00f3n hist\u00f3rica que caracteriza al equipo, pero con la seguridad de que el proyecto deportivo liderado por Jardine cuenta con el apoyo necesario para consolidarse.<\/p>\n<p>El duelo ante los Pumas marcar\u00e1 el inicio de un camino en el que las \u00c1guilas buscar\u00e1n reafirmar su protagonismo en el f\u00fatbol nacional y avanzar hacia la final del torneo.<\/p>\n","protected":false},"excerpt":{"rendered":"<p>Emilio\u202fAzc\u00e1rraga\u202fJean, propietario del Club Am\u00e9rica, reiter\u00f3 su total respaldo al cuerpo t\u00e9cnico encabezado por el brasile\u00f1o Andr\u00e9\u202fJardine\u00a0a pocos d\u00edas del partido de ida de los cuartos de final contra los Pumas, que se disputar\u00e1 en el Estadio Azteca. En declaraciones concedidas a la prensa, el dirigente subray\u00f3 que el club ha demostrado\u00a0consistencia en torneos cortos [&hellip;]<\/p>\n","protected":false},"author":2,"featured_media":254478,"comment_status":"closed","ping_status":"closed","sticky":false,"template":"","format":"standard","meta":{"footnotes":""},"categories":[188,12870],"tags":[5231,12865],"class_list":["post-254477","post","type-post","status-publish","format-standard","has-post-thumbnail","hentry","category-deportes","category-destacadas","tag-deportes","tag-destacadas"],"jetpack_featured_media_url":"https:\/\/rnoticias.com.mx\/Portal\/wp-content\/uploads\/2026\/04\/96.jpg","amp_enabled":true,"_links":{"self":[{"href":"https:\/\/rnoticias.com.mx\/Portal\/wp-json\/wp\/v2\/posts\/254477","targetHints":{"allow":["GET"]}}],"collection":[{"href":"https:\/\/rnoticias.com.mx\/Portal\/wp-json\/wp\/v2\/posts"}],"about":[{"href":"https:\/\/rnoticias.com.mx\/Portal\/wp-json\/wp\/v2\/types\/post"}],"author":[{"embeddable":true,"href":"https:\/\/rnoticias.com.mx\/Portal\/wp-json\/wp\/v2\/users\/2"}],"replies":[{"embeddable":true,"href":"https:\/\/rnoticias.com.mx\/Portal\/wp-json\/wp\/v2\/comments?post=254477"}],"version-history":[{"count":1,"href":"https:\/\/rnoticias.com.mx\/Portal\/wp-json\/wp\/v2\/posts\/254477\/revisions"}],"predecessor-version":[{"id":254479,"href":"https:\/\/rnoticias.com.mx\/Portal\/wp-json\/wp\/v2\/posts\/254477\/revisions\/254479"}],"wp:featuredmedia":[{"embeddable":true,"href":"https:\/\/rnoticias.com.mx\/Portal\/wp-json\/wp\/v2\/media\/254478"}],"wp:attachment":[{"href":"https:\/\/rnoticias.com.mx\/Portal\/wp-json\/wp\/v2\/media?parent=254477"}],"wp:term":[{"taxonomy":"category","embeddable":true,"href":"https:\/\/rnoticias.com.mx\/Portal\/wp-json\/wp\/v2\/categories?post=254477"},{"taxonomy":"post_tag","embeddable":true,"href":"https:\/\/rnoticias.com.mx\/Portal\/wp-json\/wp\/v2\/tags?post=254477"}],"curies":[{"name":"wp","href":"https:\/\/api.w.org\/{rel}","templated":true}]}}