{"id":254474,"date":"2026-04-30T21:55:33","date_gmt":"2026-05-01T04:55:33","guid":{"rendered":"https:\/\/rnoticias.com.mx\/Portal\/?p=254474"},"modified":"2026-04-30T21:55:33","modified_gmt":"2026-05-01T04:55:33","slug":"ricardo-yanez-navarro-asume-la-presidencia-de-canadevi-sonora","status":"publish","type":"post","link":"https:\/\/rnoticias.com.mx\/Portal\/2026\/04\/30\/ricardo-yanez-navarro-asume-la-presidencia-de-canadevi-sonora\/","title":{"rendered":"Ricardo Yanez Navarro asume la presidencia de CANADEVI Sonora"},"content":{"rendered":"<p class=\"x_MsoNormal\"><b data-olk-copy-source=\"MessageBody\">HERMOSILLO, SONORA, A 30 DE ABRIL 2026<\/b>.-Ricardo Yanez Navarro asumi\u00f3 por segunda ocasi\u00f3n la presidencia de la C\u00e1mara Nacional de la Industria de Desarrollo y Promoci\u00f3n de Vivienda (CANADEVI) en Sonora, ahora para el periodo 2026\u20132028, en sustituci\u00f3n de Norberto Larrinaga Buelna.<\/p>\n<p class=\"x_MsoNormal\">La toma de protesta fue encabezada por el presidente municipal de Hermosillo, Antonio Astiazar\u00e1n Guti\u00e9rrez, en una ceremonia que reuni\u00f3 a autoridades de los tres niveles de gobierno, legisladores, representantes organismos empresariales, desarrolladores y del sector vivienda.<\/p>\n<p class=\"x_MsoNormal\">En el evento estuvieron presentes el secretario de Bienestar en Sonora, Fernando Rojo de la Vega, en representaci\u00f3n del gobernador Alfonso Durazo Monta\u00f1o; la diputada local Elia Sallard Hern\u00e1ndez, presidenta de la Comisi\u00f3n de Vivienda y Hacienda del Congreso del Estado; y el titular de Sedatu en Sonora, Jes\u00fas Alfonso Monta\u00f1o Durazo.<\/p>\n<p class=\"x_MsoNormal\">Durante su mensaje, Yanez Navarro destac\u00f3 que su gesti\u00f3n estar\u00e1 enfocada en fortalecer al sector vivienda, con \u00e9nfasis en la atenci\u00f3n del d\u00e9ficit habitacional y en la necesidad de mejorar el suministro de agua potable y energ\u00eda el\u00e9ctrica, considerados factores clave para el desarrollo urbano.<\/p>\n<p class=\"x_MsoNormal\">\u201cTenemos una gran oportunidad de alinear esfuerzos entre empresarios y los tres niveles de gobierno para impulsar la vivienda como un eje estrat\u00e9gico de crecimiento y bienestar social\u201d, expres\u00f3.<\/p>\n<p class=\"x_MsoNormal\">El nuevo presidente subray\u00f3 que el crecimiento proyectado del sector plantea retos importantes en materia de infraestructura, particularmente ante la demanda de servicios b\u00e1sicos para nuevas viviendas en la entidad.<\/p>\n<p class=\"x_MsoNormal\">Asimismo, resalt\u00f3 la relevancia de programas como Vivienda para el Bienestar, impulsado por el gobierno federal, y el esquema Sello H en Hermosillo, que han permitido incentivar la construcci\u00f3n de vivienda, especialmente en el segmento de inter\u00e9s social.<\/p>\n<p class=\"x_MsoNormal\">Por su parte, el presidente saliente, Norberto Larrinaga Buelna, destac\u00f3 que durante su gesti\u00f3n se fortaleci\u00f3 la representaci\u00f3n del sector y se consolid\u00f3 la coordinaci\u00f3n con autoridades para impulsar pol\u00edticas p\u00fablicas en favor de la vivienda.<\/p>\n<p class=\"x_MsoNormal\">En su intervenci\u00f3n, el alcalde Antonio Astiazar\u00e1n reconoci\u00f3 la alianza entre el gobierno municipal y CANADEVI destacando avances en mejora regulatoria, digitalizaci\u00f3n de tr\u00e1mites y reducci\u00f3n de procesos administrativos, lo que ha facilitado la inversi\u00f3n en el sector.<\/p>\n<p class=\"x_MsoNormal\">A su vez, el secretario de Bienestar, Fernando Rojo de la Vega, afirm\u00f3 que la coordinaci\u00f3n entre el sector p\u00fablico y privado ser\u00e1 clave para enfrentar retos como el acceso al agua, la infraestructura y el crecimiento ordenado de las ciudades.<\/p>\n<p class=\"x_MsoNormal\">Durante la ceremonia tambi\u00e9n se entreg\u00f3 un reconocimiento a Norberto Larrinaga por su liderazgo al frente del organismo durante los \u00faltimos tres a\u00f1os.<\/p>\n<p class=\"x_MsoNormal\">Ricardo Yanez Navarro cuenta con m\u00e1s de 25 a\u00f1os de experiencia en el sector inmobiliario. Ha desarrollado su trayectoria en Promotora de Hogares, donde actualmente se desempe\u00f1a como Director General, participando en el desarrollo de proyectos habitacionales en el noroeste del pa\u00eds.<\/p>\n<p class=\"x_MsoNormal\">Ha sido presidente de CANADEVI Sonora anteriormente (2013\u20132015), impulsando iniciativas en materia de planeaci\u00f3n urbana, sostenibilidad y fortalecimiento institucional del sector.<\/p>\n<p class=\"x_MsoNormal\">Su experiencia abarca la planeaci\u00f3n, ejecuci\u00f3n y consolidaci\u00f3n de desarrollos que han contribuido a la formaci\u00f3n de comunidades para miles de familias.<\/p>\n<p class=\"x_MsoNormal\" aria-hidden=\"true\">\n<p class=\"x_MsoNormal\" aria-hidden=\"true\">\n<p class=\"x_MsoNormal\">Integrantes del Comit\u00e9 Directivo CANADEVI Sonora 2026-2028<\/p>\n<p class=\"x_MsoNormal\" aria-hidden=\"true\">\n<p class=\"x_MsoNormal\">Lic. Ricardo Yanez Navarro<\/p>\n<p class=\"x_MsoNormal\">Presidente<\/p>\n<p class=\"x_MsoNormal\">Arq. Pablo Iturribarria Solano<\/p>\n<p class=\"x_MsoNormal\">Tesorero<\/p>\n<p class=\"x_MsoNormal\">Lic. Carlos Arvayo Dom\u00ednguez<\/p>\n<p class=\"x_MsoNormal\">\u00a0Secretario<\/p>\n<p class=\"x_MsoNormal\">Ing. Ramiro P\u00e1ez Cruz<\/p>\n<p class=\"x_MsoNormal\">Vicepresidente Guaymas<\/p>\n<p class=\"x_MsoNormal\">Ing. Aurora Garc\u00eda de Le\u00f3n Pe\u00f1u\u00f1uri<\/p>\n<p class=\"x_MsoNormal\">Vicepresidenta<\/p>\n<p class=\"x_MsoNormal\">Ing. Gustavo Villarreal Cant\u00fa<\/p>\n<p class=\"x_MsoNormal\">Vicepresidente<\/p>\n<p class=\"x_MsoNormal\">Lic. Lizette Mungu\u00eda Varela<\/p>\n<p class=\"x_MsoNormal\">Vicepresidenta<\/p>\n<p class=\"x_MsoNormal\">Ing. Antonio Yanes Flores<\/p>\n<p class=\"x_MsoNormal\">Vicepresidente<\/p>\n<p class=\"x_MsoNormal\">Lic. Rafael L\u00f3pez Gir\u00f3n<\/p>\n<p class=\"x_MsoNormal\">Vicepresidente<\/p>\n<p class=\"x_MsoNormal\">Lic. Guillermo Jaime Jim\u00e9nez Caba\u00f1as<\/p>\n<p class=\"x_MsoNormal\">Vicepresidente<\/p>\n","protected":false},"excerpt":{"rendered":"<p>HERMOSILLO, SONORA, A 30 DE ABRIL 2026.-Ricardo Yanez Navarro asumi\u00f3 por segunda ocasi\u00f3n la presidencia de la C\u00e1mara Nacional de la Industria de Desarrollo y Promoci\u00f3n de Vivienda (CANADEVI) en Sonora, ahora para el periodo 2026\u20132028, en sustituci\u00f3n de Norberto Larrinaga Buelna. La toma de protesta fue encabezada por el presidente municipal de Hermosillo, Antonio [&hellip;]<\/p>\n","protected":false},"author":2,"featured_media":254475,"comment_status":"closed","ping_status":"closed","sticky":false,"template":"","format":"standard","meta":{"footnotes":""},"categories":[12870,178],"tags":[12865,12869],"class_list":["post-254474","post","type-post","status-publish","format-standard","has-post-thumbnail","hentry","category-destacadas","category-local","tag-destacadas","tag-local"],"jetpack_featured_media_url":"https:\/\/rnoticias.com.mx\/Portal\/wp-content\/uploads\/2026\/04\/RICARDO-YANEZ1.jpeg","amp_enabled":true,"_links":{"self":[{"href":"https:\/\/rnoticias.com.mx\/Portal\/wp-json\/wp\/v2\/posts\/254474","targetHints":{"allow":["GET"]}}],"collection":[{"href":"https:\/\/rnoticias.com.mx\/Portal\/wp-json\/wp\/v2\/posts"}],"about":[{"href":"https:\/\/rnoticias.com.mx\/Portal\/wp-json\/wp\/v2\/types\/post"}],"author":[{"embeddable":true,"href":"https:\/\/rnoticias.com.mx\/Portal\/wp-json\/wp\/v2\/users\/2"}],"replies":[{"embeddable":true,"href":"https:\/\/rnoticias.com.mx\/Portal\/wp-json\/wp\/v2\/comments?post=254474"}],"version-history":[{"count":1,"href":"https:\/\/rnoticias.com.mx\/Portal\/wp-json\/wp\/v2\/posts\/254474\/revisions"}],"predecessor-version":[{"id":254476,"href":"https:\/\/rnoticias.com.mx\/Portal\/wp-json\/wp\/v2\/posts\/254474\/revisions\/254476"}],"wp:featuredmedia":[{"embeddable":true,"href":"https:\/\/rnoticias.com.mx\/Portal\/wp-json\/wp\/v2\/media\/254475"}],"wp:attachment":[{"href":"https:\/\/rnoticias.com.mx\/Portal\/wp-json\/wp\/v2\/media?parent=254474"}],"wp:term":[{"taxonomy":"category","embeddable":true,"href":"https:\/\/rnoticias.com.mx\/Portal\/wp-json\/wp\/v2\/categories?post=254474"},{"taxonomy":"post_tag","embeddable":true,"href":"https:\/\/rnoticias.com.mx\/Portal\/wp-json\/wp\/v2\/tags?post=254474"}],"curies":[{"name":"wp","href":"https:\/\/api.w.org\/{rel}","templated":true}]}}