{"id":254471,"date":"2026-04-30T21:54:23","date_gmt":"2026-05-01T04:54:23","guid":{"rendered":"https:\/\/rnoticias.com.mx\/Portal\/?p=254471"},"modified":"2026-04-30T21:54:23","modified_gmt":"2026-05-01T04:54:23","slug":"residentes-del-cortijo-podran-aprovechar-la-jornada-de-descuentos-agua-de-hermosillo","status":"publish","type":"post","link":"https:\/\/rnoticias.com.mx\/Portal\/2026\/04\/30\/residentes-del-cortijo-podran-aprovechar-la-jornada-de-descuentos-agua-de-hermosillo\/","title":{"rendered":"Residentes del Cortijo podr\u00e1n aprovechar la jornada de descuentos Agua de Hermosillo"},"content":{"rendered":"<p data-olk-copy-source=\"MessageBody\">Hermosillo, Sonora; 30 de abril, 2026.- Personas con adeudos en el servicio de agua potable tendr\u00e1n la oportunidad de regularizar su situaci\u00f3n durante la Jornada de Descuentos 2026 de Agua de Hermosillo que se llevar\u00e1 a cabo este viernes 1 de mayo en retorno de la Misi\u00f3n Camell\u00f3n Olivares esquina con Luz Valencia de la colonia Corrtijo.<\/p>\n<p aria-hidden=\"true\">\n<p>Personal del organismo operador, en un horario de 9:00 de la ma\u00f1ana a 2:00 de la tarde, ofrecer\u00e1 beneficios como el 100 por ciento de descuento en recargos, adem\u00e1s de descuentos del 10 al 60 por ciento en adeudos por consumo en tarifa dom\u00e9stica, con el objetivo de apoyar la econom\u00eda de las familias hermosillenses.<\/p>\n<p aria-hidden=\"true\">\n<p>Asimismo, quienes cuenten con saldos vencidos por consumo de agua de m\u00e1s de 60 meses podr\u00e1n liquidar su adeudo con solo 4 mil pesos, aplicando restricciones y exclusivamente para tarifa dom\u00e9stica.<\/p>\n<p aria-hidden=\"true\">\n<p>En la jornada se estar\u00e1n entregando turnos hasta la 1:00 de la tarde para brindar atenci\u00f3n ordenada a usuarias y usuarios.<\/p>\n<p>&nbsp;<\/p>\n<p>Agua de Hermosillo invita a la ciudadan\u00eda a aprovechar esta jornada y ponerse al corriente en sus pagos, donde personal del organismo operador atender\u00e1 personalmente dudas con el objetivo de apoyar la econom\u00eda familiar.<\/p>\n","protected":false},"excerpt":{"rendered":"<p>Hermosillo, Sonora; 30 de abril, 2026.- Personas con adeudos en el servicio de agua potable tendr\u00e1n la oportunidad de regularizar su situaci\u00f3n durante la Jornada de Descuentos 2026 de Agua de Hermosillo que se llevar\u00e1 a cabo este viernes 1 de mayo en retorno de la Misi\u00f3n Camell\u00f3n Olivares esquina con Luz Valencia de la [&hellip;]<\/p>\n","protected":false},"author":2,"featured_media":254472,"comment_status":"closed","ping_status":"closed","sticky":false,"template":"","format":"standard","meta":{"footnotes":""},"categories":[12870,178],"tags":[12865,12869],"class_list":["post-254471","post","type-post","status-publish","format-standard","has-post-thumbnail","hentry","category-destacadas","category-local","tag-destacadas","tag-local"],"jetpack_featured_media_url":"https:\/\/rnoticias.com.mx\/Portal\/wp-content\/uploads\/2026\/04\/Residentes-del-Cortijo-podran-aprovechar-la-jornada-de-descuentos-Agua-de-Hermosillo.jpeg","amp_enabled":true,"_links":{"self":[{"href":"https:\/\/rnoticias.com.mx\/Portal\/wp-json\/wp\/v2\/posts\/254471","targetHints":{"allow":["GET"]}}],"collection":[{"href":"https:\/\/rnoticias.com.mx\/Portal\/wp-json\/wp\/v2\/posts"}],"about":[{"href":"https:\/\/rnoticias.com.mx\/Portal\/wp-json\/wp\/v2\/types\/post"}],"author":[{"embeddable":true,"href":"https:\/\/rnoticias.com.mx\/Portal\/wp-json\/wp\/v2\/users\/2"}],"replies":[{"embeddable":true,"href":"https:\/\/rnoticias.com.mx\/Portal\/wp-json\/wp\/v2\/comments?post=254471"}],"version-history":[{"count":1,"href":"https:\/\/rnoticias.com.mx\/Portal\/wp-json\/wp\/v2\/posts\/254471\/revisions"}],"predecessor-version":[{"id":254473,"href":"https:\/\/rnoticias.com.mx\/Portal\/wp-json\/wp\/v2\/posts\/254471\/revisions\/254473"}],"wp:featuredmedia":[{"embeddable":true,"href":"https:\/\/rnoticias.com.mx\/Portal\/wp-json\/wp\/v2\/media\/254472"}],"wp:attachment":[{"href":"https:\/\/rnoticias.com.mx\/Portal\/wp-json\/wp\/v2\/media?parent=254471"}],"wp:term":[{"taxonomy":"category","embeddable":true,"href":"https:\/\/rnoticias.com.mx\/Portal\/wp-json\/wp\/v2\/categories?post=254471"},{"taxonomy":"post_tag","embeddable":true,"href":"https:\/\/rnoticias.com.mx\/Portal\/wp-json\/wp\/v2\/tags?post=254471"}],"curies":[{"name":"wp","href":"https:\/\/api.w.org\/{rel}","templated":true}]}}