{"id":254468,"date":"2026-04-30T21:53:13","date_gmt":"2026-05-01T04:53:13","guid":{"rendered":"https:\/\/rnoticias.com.mx\/Portal\/?p=254468"},"modified":"2026-04-30T21:53:13","modified_gmt":"2026-05-01T04:53:13","slug":"invita-gobierno-de-hermosillo-a-personas-mayores-de-55-anos-a-incorporarse-al-programa-huellas-mayores","status":"publish","type":"post","link":"https:\/\/rnoticias.com.mx\/Portal\/2026\/04\/30\/invita-gobierno-de-hermosillo-a-personas-mayores-de-55-anos-a-incorporarse-al-programa-huellas-mayores\/","title":{"rendered":"Invita Gobierno de Hermosillo a personas mayores de 55 a\u00f1os a incorporarse al programa \u201cHuellas Mayores\u201d"},"content":{"rendered":"<p><b data-olk-copy-source=\"MessageBody\">Hermosillo, Sonora; 30 de abril, 2026.-<\/b>\u00a0El Ayuntamiento de Hermosillo a trav\u00e9s de DIF Municipal y la cadena OXXO se aliaron para ofrecer sin costo a personas mayores de 55 a\u00f1os actividades de desarrollo personal y capacitaci\u00f3n.<\/p>\n<p aria-hidden=\"true\">\n<p>Quienes tengan inter\u00e9s de beneficiarse con este modelo de atenci\u00f3n, que tendr\u00e1 lugar en el Centro de la Familia de la colonia Las Minitas, ya pueden inscribirse a trav\u00e9s del n\u00famero telef\u00f3nico 6621 07 96 35 y asegurarse un lugar en el programa, el cual tendr\u00e1 cupo limitado.<\/p>\n<p aria-hidden=\"true\">\n<p>\u201cHuellas Mayores\u201d pone a disposici\u00f3n de las y los participantes cursos de Computaci\u00f3n, Manualidades, Tecnolog\u00eda, Reposter\u00eda y Dibujo, adem\u00e1s de m\u00fasica, baile y convivencia plena de calidez humana.<\/p>\n<p aria-hidden=\"true\">\n<p>El Centro de la Familia Las Minitas de DIF Hermosillo se ubica sobre el bulevar Las Quintas, esquina con Casimiro Estrada Bustamante.<\/p>\n","protected":false},"excerpt":{"rendered":"<p>Hermosillo, Sonora; 30 de abril, 2026.-\u00a0El Ayuntamiento de Hermosillo a trav\u00e9s de DIF Municipal y la cadena OXXO se aliaron para ofrecer sin costo a personas mayores de 55 a\u00f1os actividades de desarrollo personal y capacitaci\u00f3n. Quienes tengan inter\u00e9s de beneficiarse con este modelo de atenci\u00f3n, que tendr\u00e1 lugar en el Centro de la Familia [&hellip;]<\/p>\n","protected":false},"author":2,"featured_media":254469,"comment_status":"closed","ping_status":"closed","sticky":false,"template":"","format":"standard","meta":{"footnotes":""},"categories":[12870,178],"tags":[12865,12869],"class_list":["post-254468","post","type-post","status-publish","format-standard","has-post-thumbnail","hentry","category-destacadas","category-local","tag-destacadas","tag-local"],"jetpack_featured_media_url":"https:\/\/rnoticias.com.mx\/Portal\/wp-content\/uploads\/2026\/04\/Invita-Gobierno-de-Hermosillo-a-personas-mayores-de-55-anos-a-incorporarse-al-programa-Huellas-Mayores.jpeg","amp_enabled":true,"_links":{"self":[{"href":"https:\/\/rnoticias.com.mx\/Portal\/wp-json\/wp\/v2\/posts\/254468","targetHints":{"allow":["GET"]}}],"collection":[{"href":"https:\/\/rnoticias.com.mx\/Portal\/wp-json\/wp\/v2\/posts"}],"about":[{"href":"https:\/\/rnoticias.com.mx\/Portal\/wp-json\/wp\/v2\/types\/post"}],"author":[{"embeddable":true,"href":"https:\/\/rnoticias.com.mx\/Portal\/wp-json\/wp\/v2\/users\/2"}],"replies":[{"embeddable":true,"href":"https:\/\/rnoticias.com.mx\/Portal\/wp-json\/wp\/v2\/comments?post=254468"}],"version-history":[{"count":1,"href":"https:\/\/rnoticias.com.mx\/Portal\/wp-json\/wp\/v2\/posts\/254468\/revisions"}],"predecessor-version":[{"id":254470,"href":"https:\/\/rnoticias.com.mx\/Portal\/wp-json\/wp\/v2\/posts\/254468\/revisions\/254470"}],"wp:featuredmedia":[{"embeddable":true,"href":"https:\/\/rnoticias.com.mx\/Portal\/wp-json\/wp\/v2\/media\/254469"}],"wp:attachment":[{"href":"https:\/\/rnoticias.com.mx\/Portal\/wp-json\/wp\/v2\/media?parent=254468"}],"wp:term":[{"taxonomy":"category","embeddable":true,"href":"https:\/\/rnoticias.com.mx\/Portal\/wp-json\/wp\/v2\/categories?post=254468"},{"taxonomy":"post_tag","embeddable":true,"href":"https:\/\/rnoticias.com.mx\/Portal\/wp-json\/wp\/v2\/tags?post=254468"}],"curies":[{"name":"wp","href":"https:\/\/api.w.org\/{rel}","templated":true}]}}