{"id":254456,"date":"2026-04-30T15:41:51","date_gmt":"2026-04-30T22:41:51","guid":{"rendered":"https:\/\/rnoticias.com.mx\/Portal\/?p=254456"},"modified":"2026-04-30T15:41:51","modified_gmt":"2026-04-30T22:41:51","slug":"alertan-por-impacto-de-la-desconexion-familiar-en-la-ninez-y-adolescencia","status":"publish","type":"post","link":"https:\/\/rnoticias.com.mx\/Portal\/2026\/04\/30\/alertan-por-impacto-de-la-desconexion-familiar-en-la-ninez-y-adolescencia\/","title":{"rendered":"Alertan por impacto de la desconexi\u00f3n familiar en la ni\u00f1ez y adolescencia"},"content":{"rendered":"<p>Hermosillo, Sonora. La falta de acompa\u00f1amiento en el hogar y el uso excesivo de redes sociales est\u00e1n marcando nuevas din\u00e1micas en la ni\u00f1ez y adolescencia, donde la soledad se ha vuelto un factor constante.<\/p>\n<p>&nbsp;<\/p>\n<p>Especialistas advierten que ni\u00f1as, ni\u00f1os y j\u00f3venes pasan cada vez m\u00e1s tiempo en entornos digitales sin supervisi\u00f3n, lo que influye directamente en su desarrollo emocional, social y acad\u00e9mico.<\/p>\n<p>&nbsp;<\/p>\n<p>Ericka Rodr\u00edguez Estrada, psicoterapeuta infantil y de pareja, perito en Sonora y docente en formaci\u00f3n de psic\u00f3logos, explic\u00f3 que este fen\u00f3meno tambi\u00e9n se refleja en dificultades para mantener la atenci\u00f3n, problemas en el aprendizaje y una menor capacidad de interacci\u00f3n en espacios escolares.<\/p>\n<p>&nbsp;<\/p>\n<p>\u201cAdem\u00e1s, se ha identificado que muchos menores carecen de referentes claros para comprender sus emociones y experiencias, lo que los lleva a buscar respuestas en internet. La ausencia de l\u00edmites y de tiempo de calidad con madres y padres refuerza esta desconexi\u00f3n, generando entornos donde el acompa\u00f1amiento adulto resulta insuficiente ante las necesidades actuales de la infancia\u201d, asever\u00f3.<\/p>\n<p>&nbsp;<\/p>\n<p>A ello a\u00f1adi\u00f3, se suma el cansancio cotidiano de los cuidadores, que reduce a\u00fan m\u00e1s las oportunidades de convivencia significativa. En ese sentido, la especialista mencion\u00f3 que es necesario actuar antes de que surjan problem\u00e1ticas mayores.<\/p>\n<p>&nbsp;<\/p>\n<p>Indic\u00f3 que existen se\u00f1ales de alerta como irritabilidad constante, cambios en los h\u00e1bitos de sue\u00f1o y alimentaci\u00f3n, as\u00ed como dificultades en la escuela. M\u00e1s que alarmarse, dijo, se trata de observar y prevenir.<\/p>\n<p>&nbsp;<\/p>\n<p>\u201cEntre las acciones recomendadas, destac\u00f3 la importancia de generar espacios de di\u00e1logo en momentos cotidianos, como los traslados, evitando que estos se conviertan en rega\u00f1os\u201d, cont\u00f3.<\/p>\n<p>&nbsp;<\/p>\n<p>Tambi\u00e9n sugiri\u00f3 dedicar algunos minutos al d\u00eda para expresar afecto, as\u00ed como involucrarse en los intereses y actividades de los hijos, fortaleciendo el v\u00ednculo emocional y creando confianza.<\/p>\n<p>&nbsp;<\/p>\n<p>Finalmente, Ericka Rodr\u00edguez, subray\u00f3 que la ni\u00f1ez debe entenderse desde un enfoque de derechos, reconociendo a ni\u00f1as y ni\u00f1os como personas con voz propia.<\/p>\n<p>&nbsp;<\/p>\n<p>\u201cEl respeto, la escucha y la cercan\u00eda son claves para su desarrollo integral, dejando atr\u00e1s visiones tradicionales que los limitan a la obediencia y sin participaci\u00f3n activa en su entorno\u201d, concluy\u00f3.<\/p>\n<p>&nbsp;<\/p>\n","protected":false},"excerpt":{"rendered":"<p>Hermosillo, Sonora. La falta de acompa\u00f1amiento en el hogar y el uso excesivo de redes sociales est\u00e1n marcando nuevas din\u00e1micas en la ni\u00f1ez y adolescencia, donde la soledad se ha vuelto un factor constante. &nbsp; Especialistas advierten que ni\u00f1as, ni\u00f1os y j\u00f3venes pasan cada vez m\u00e1s tiempo en entornos digitales sin supervisi\u00f3n, lo que influye [&hellip;]<\/p>\n","protected":false},"author":2,"featured_media":254457,"comment_status":"closed","ping_status":"closed","sticky":false,"template":"","format":"standard","meta":{"footnotes":""},"categories":[12870,178],"tags":[12865,12869],"class_list":["post-254456","post","type-post","status-publish","format-standard","has-post-thumbnail","hentry","category-destacadas","category-local","tag-destacadas","tag-local"],"jetpack_featured_media_url":"https:\/\/rnoticias.com.mx\/Portal\/wp-content\/uploads\/2026\/04\/WhatsApp-Image-2026-04-30-at-1.38.49-PM.jpeg","amp_enabled":true,"_links":{"self":[{"href":"https:\/\/rnoticias.com.mx\/Portal\/wp-json\/wp\/v2\/posts\/254456","targetHints":{"allow":["GET"]}}],"collection":[{"href":"https:\/\/rnoticias.com.mx\/Portal\/wp-json\/wp\/v2\/posts"}],"about":[{"href":"https:\/\/rnoticias.com.mx\/Portal\/wp-json\/wp\/v2\/types\/post"}],"author":[{"embeddable":true,"href":"https:\/\/rnoticias.com.mx\/Portal\/wp-json\/wp\/v2\/users\/2"}],"replies":[{"embeddable":true,"href":"https:\/\/rnoticias.com.mx\/Portal\/wp-json\/wp\/v2\/comments?post=254456"}],"version-history":[{"count":1,"href":"https:\/\/rnoticias.com.mx\/Portal\/wp-json\/wp\/v2\/posts\/254456\/revisions"}],"predecessor-version":[{"id":254458,"href":"https:\/\/rnoticias.com.mx\/Portal\/wp-json\/wp\/v2\/posts\/254456\/revisions\/254458"}],"wp:featuredmedia":[{"embeddable":true,"href":"https:\/\/rnoticias.com.mx\/Portal\/wp-json\/wp\/v2\/media\/254457"}],"wp:attachment":[{"href":"https:\/\/rnoticias.com.mx\/Portal\/wp-json\/wp\/v2\/media?parent=254456"}],"wp:term":[{"taxonomy":"category","embeddable":true,"href":"https:\/\/rnoticias.com.mx\/Portal\/wp-json\/wp\/v2\/categories?post=254456"},{"taxonomy":"post_tag","embeddable":true,"href":"https:\/\/rnoticias.com.mx\/Portal\/wp-json\/wp\/v2\/tags?post=254456"}],"curies":[{"name":"wp","href":"https:\/\/api.w.org\/{rel}","templated":true}]}}