{"id":254453,"date":"2026-04-30T15:40:27","date_gmt":"2026-04-30T22:40:27","guid":{"rendered":"https:\/\/rnoticias.com.mx\/Portal\/?p=254453"},"modified":"2026-04-30T15:40:27","modified_gmt":"2026-04-30T22:40:27","slug":"urgen-reforzar-entornos-seguros-para-ninas-y-ninos-en-sonora-fngs","status":"publish","type":"post","link":"https:\/\/rnoticias.com.mx\/Portal\/2026\/04\/30\/urgen-reforzar-entornos-seguros-para-ninas-y-ninos-en-sonora-fngs\/","title":{"rendered":"Urgen reforzar entornos seguros para ni\u00f1as y ni\u00f1os en Sonora: FNGS"},"content":{"rendered":"<p>Hermosillo, Sonora. En el contexto de la conmemoraci\u00f3n del D\u00eda de las Ni\u00f1as y los Ni\u00f1os, especialistas en temas sociales hicieron un llamado a priorizar la creaci\u00f3n de entornos seguros para la infancia, destacando la importancia de escuchar y atender lo que ni\u00f1as, ni\u00f1os y adolescentes sienten y viven en su d\u00eda a d\u00eda.<\/p>\n<p>&nbsp;<\/p>\n<p>Michelle Lucero, presidenta de la Fundaci\u00f3n Nueva Generaci\u00f3n Sonora, destac\u00f3 que la seguridad no solo se limita al \u00e1mbito f\u00edsico, sino tambi\u00e9n al emocional, por lo que la comunicaci\u00f3n dentro del hogar y la escuela juega un papel fundamental.<\/p>\n<p>&nbsp;<\/p>\n<p>\u201cActualmente, diversos factores como la falta de convivencia familiar, el uso constante de dispositivos electr\u00f3nicos y la escasa supervisi\u00f3n en el entorno digital han modificado la din\u00e1mica en la que crecen las nuevas generaciones. Esto ha generado que muchos menores carezcan de espacios donde puedan expresarse libremente, lo que impacta en su desarrollo emocional y social\u201d, puntualiz\u00f3.<\/p>\n<p>&nbsp;<\/p>\n<p>Aunado a ello, dijo que temas como la prevenci\u00f3n de adicciones, el respeto en la escuela y el cuidado del entorno forman parte de sus principales inquietudes.<\/p>\n<p>&nbsp;<\/p>\n<p>Precis\u00f3, que la familia debe consolidarse como el principal espacio de protecci\u00f3n, donde exista cercan\u00eda, di\u00e1logo y confianza.<\/p>\n<p>&nbsp;<\/p>\n<p>\u201cUna proporci\u00f3n importante de ni\u00f1as y ni\u00f1os considera que el cari\u00f1o y el respeto son elementos esenciales para su bienestar, mientras que en el \u00e1mbito escolar demandan un trato digno y condiciones adecuadas\u201d, se\u00f1al\u00f3.<\/p>\n<p>&nbsp;<\/p>\n<p>Asimismo, subray\u00f3 sobre la necesidad de retomar el tiempo de calidad en familia, establecer l\u00edmites en el uso de tecnolog\u00eda y fomentar una comunicaci\u00f3n constante que permita detectar riesgos y fortalecer su desarrollo integral.<\/p>\n<p>&nbsp;<\/p>\n","protected":false},"excerpt":{"rendered":"<p>Hermosillo, Sonora. En el contexto de la conmemoraci\u00f3n del D\u00eda de las Ni\u00f1as y los Ni\u00f1os, especialistas en temas sociales hicieron un llamado a priorizar la creaci\u00f3n de entornos seguros para la infancia, destacando la importancia de escuchar y atender lo que ni\u00f1as, ni\u00f1os y adolescentes sienten y viven en su d\u00eda a d\u00eda. &nbsp; [&hellip;]<\/p>\n","protected":false},"author":2,"featured_media":254454,"comment_status":"closed","ping_status":"closed","sticky":false,"template":"","format":"standard","meta":{"footnotes":""},"categories":[12870,178],"tags":[12865,12869],"class_list":["post-254453","post","type-post","status-publish","format-standard","has-post-thumbnail","hentry","category-destacadas","category-local","tag-destacadas","tag-local"],"jetpack_featured_media_url":"https:\/\/rnoticias.com.mx\/Portal\/wp-content\/uploads\/2026\/04\/Proyecto-nuevo-2025-11-12T130805.809.jpg","amp_enabled":true,"_links":{"self":[{"href":"https:\/\/rnoticias.com.mx\/Portal\/wp-json\/wp\/v2\/posts\/254453","targetHints":{"allow":["GET"]}}],"collection":[{"href":"https:\/\/rnoticias.com.mx\/Portal\/wp-json\/wp\/v2\/posts"}],"about":[{"href":"https:\/\/rnoticias.com.mx\/Portal\/wp-json\/wp\/v2\/types\/post"}],"author":[{"embeddable":true,"href":"https:\/\/rnoticias.com.mx\/Portal\/wp-json\/wp\/v2\/users\/2"}],"replies":[{"embeddable":true,"href":"https:\/\/rnoticias.com.mx\/Portal\/wp-json\/wp\/v2\/comments?post=254453"}],"version-history":[{"count":1,"href":"https:\/\/rnoticias.com.mx\/Portal\/wp-json\/wp\/v2\/posts\/254453\/revisions"}],"predecessor-version":[{"id":254455,"href":"https:\/\/rnoticias.com.mx\/Portal\/wp-json\/wp\/v2\/posts\/254453\/revisions\/254455"}],"wp:featuredmedia":[{"embeddable":true,"href":"https:\/\/rnoticias.com.mx\/Portal\/wp-json\/wp\/v2\/media\/254454"}],"wp:attachment":[{"href":"https:\/\/rnoticias.com.mx\/Portal\/wp-json\/wp\/v2\/media?parent=254453"}],"wp:term":[{"taxonomy":"category","embeddable":true,"href":"https:\/\/rnoticias.com.mx\/Portal\/wp-json\/wp\/v2\/categories?post=254453"},{"taxonomy":"post_tag","embeddable":true,"href":"https:\/\/rnoticias.com.mx\/Portal\/wp-json\/wp\/v2\/tags?post=254453"}],"curies":[{"name":"wp","href":"https:\/\/api.w.org\/{rel}","templated":true}]}}