{"id":254447,"date":"2026-04-30T15:31:47","date_gmt":"2026-04-30T22:31:47","guid":{"rendered":"https:\/\/rnoticias.com.mx\/Portal\/?p=254447"},"modified":"2026-04-30T15:31:47","modified_gmt":"2026-04-30T22:31:47","slug":"viernes-1-y-martes-5-de-mayo-se-suspenden-servicios-en-los-modulos-de-atencion-ciudadana-del-ine","status":"publish","type":"post","link":"https:\/\/rnoticias.com.mx\/Portal\/2026\/04\/30\/viernes-1-y-martes-5-de-mayo-se-suspenden-servicios-en-los-modulos-de-atencion-ciudadana-del-ine\/","title":{"rendered":"Viernes 1 y martes 5 de mayo se suspenden servicios en los M\u00f3dulos de Atenci\u00f3n Ciudadana del INE"},"content":{"rendered":"<p class=\"x_MsoNormal\"><span data-olk-copy-source=\"MessageBody\">En apego a los calendarios oficiales de d\u00edas de asueto, los m\u00e1s de 840 M\u00f3dulos de Atenci\u00f3n Ciudadana instalados en todo el pa\u00eds suspender\u00e1n actividades el viernes 1 y el martes 5 de mayo.<\/span><\/p>\n<p class=\"x_MsoNormal\">\n<p class=\"x_MsoNormal\">Durante estos d\u00edas los servicios de Inscripci\u00f3n al Padr\u00f3n Electoral, Actualizaci\u00f3n de Datos y Reposici\u00f3n de la Credencial para Votar permanecer\u00e1n temporalmente suspendidos. Asimismo, el sistema de citas electr\u00f3nicas no asignar\u00e1 turnos para las fechas referidas.<\/p>\n<p class=\"x_MsoNormal\">\n<p class=\"x_MsoNormal\">El Instituto Nacional Electoral (INE) invita a la ciudadan\u00eda a acudir puntualmente a sus citas programadas y a consultar la disponibilidad de servicios en el portal institucional.<\/p>\n<p class=\"x_MsoNormal\">Los servicios se desarrollar\u00e1n de manera normal el s\u00e1bado 2 y el lunes 4 de mayo, en los horarios habituales.<\/p>\n<p class=\"x_MsoNormal\">\n<p class=\"x_MsoNormal\">Para mayor informaci\u00f3n, la ciudadan\u00eda puede acceder al sistema de citas en l\u00ednea INETEL (800 433 2000) o en la p\u00e1gina oficial del Instituto,\u00a0<a title=\"https:\/\/ine.mx\/\" href=\"https:\/\/ine.mx\/\" target=\"_blank\" rel=\"noopener noreferrer\" data-auth=\"NotApplicable\" data-linkindex=\"0\">https:\/\/ine.mx\/<\/a>.<\/p>\n","protected":false},"excerpt":{"rendered":"<p>En apego a los calendarios oficiales de d\u00edas de asueto, los m\u00e1s de 840 M\u00f3dulos de Atenci\u00f3n Ciudadana instalados en todo el pa\u00eds suspender\u00e1n actividades el viernes 1 y el martes 5 de mayo. Durante estos d\u00edas los servicios de Inscripci\u00f3n al Padr\u00f3n Electoral, Actualizaci\u00f3n de Datos y Reposici\u00f3n de la Credencial para Votar permanecer\u00e1n [&hellip;]<\/p>\n","protected":false},"author":2,"featured_media":254448,"comment_status":"closed","ping_status":"closed","sticky":false,"template":"","format":"standard","meta":{"footnotes":""},"categories":[12870,12868],"tags":[12865,12879],"class_list":["post-254447","post","type-post","status-publish","format-standard","has-post-thumbnail","hentry","category-destacadas","category-politica","tag-destacadas","tag-politica"],"jetpack_featured_media_url":"https:\/\/rnoticias.com.mx\/Portal\/wp-content\/uploads\/2026\/04\/modulos.jpg","amp_enabled":true,"_links":{"self":[{"href":"https:\/\/rnoticias.com.mx\/Portal\/wp-json\/wp\/v2\/posts\/254447","targetHints":{"allow":["GET"]}}],"collection":[{"href":"https:\/\/rnoticias.com.mx\/Portal\/wp-json\/wp\/v2\/posts"}],"about":[{"href":"https:\/\/rnoticias.com.mx\/Portal\/wp-json\/wp\/v2\/types\/post"}],"author":[{"embeddable":true,"href":"https:\/\/rnoticias.com.mx\/Portal\/wp-json\/wp\/v2\/users\/2"}],"replies":[{"embeddable":true,"href":"https:\/\/rnoticias.com.mx\/Portal\/wp-json\/wp\/v2\/comments?post=254447"}],"version-history":[{"count":1,"href":"https:\/\/rnoticias.com.mx\/Portal\/wp-json\/wp\/v2\/posts\/254447\/revisions"}],"predecessor-version":[{"id":254449,"href":"https:\/\/rnoticias.com.mx\/Portal\/wp-json\/wp\/v2\/posts\/254447\/revisions\/254449"}],"wp:featuredmedia":[{"embeddable":true,"href":"https:\/\/rnoticias.com.mx\/Portal\/wp-json\/wp\/v2\/media\/254448"}],"wp:attachment":[{"href":"https:\/\/rnoticias.com.mx\/Portal\/wp-json\/wp\/v2\/media?parent=254447"}],"wp:term":[{"taxonomy":"category","embeddable":true,"href":"https:\/\/rnoticias.com.mx\/Portal\/wp-json\/wp\/v2\/categories?post=254447"},{"taxonomy":"post_tag","embeddable":true,"href":"https:\/\/rnoticias.com.mx\/Portal\/wp-json\/wp\/v2\/tags?post=254447"}],"curies":[{"name":"wp","href":"https:\/\/api.w.org\/{rel}","templated":true}]}}