{"id":254436,"date":"2026-04-30T11:36:52","date_gmt":"2026-04-30T18:36:52","guid":{"rendered":"https:\/\/rnoticias.com.mx\/Portal\/?p=254436"},"modified":"2026-04-30T11:36:52","modified_gmt":"2026-04-30T18:36:52","slug":"defensa-de-naason-joaquin-garcia-cuestiona-criminalizacion-de-creencias-religiosas","status":"publish","type":"post","link":"https:\/\/rnoticias.com.mx\/Portal\/2026\/04\/30\/defensa-de-naason-joaquin-garcia-cuestiona-criminalizacion-de-creencias-religiosas\/","title":{"rendered":"Defensa de Naas\u00f3n Joaqu\u00edn Garc\u00eda cuestiona criminalizaci\u00f3n de creencias religiosas"},"content":{"rendered":"<p><strong>La defensa del l\u00edder de La Luz del Mundo, Naas\u00f3n Joaqu\u00edn Garc\u00eda, ha presentado una carta a la jueza federal Loretta\u202fPreska solicitando el acceso a todos los materiales del caso, con el objetivo de fundamentar una moci\u00f3n de desestimaci\u00f3n que ser\u00e1 interpuesta en julio.<\/strong>\u00a0En el escrito, los abogados argumentan que los fiscales equiparan a la iglesia con una organizaci\u00f3n criminal al criminalizar creencias y pr\u00e1cticas religiosas que, seg\u00fan ellos, forman parte del marco doctrinal de la comunidad.<\/p>\n<p>Los defensores no niegan la existencia de los encuentros sexuales descritos por las v\u00edctimas, pero sostienen que dichos actos fueron realizados dentro de los par\u00e1metros de fe de la congregaci\u00f3n y que las personas involucradas, todas mayores de edad, los aceptaron como una forma de acercarse a Dios. En consecuencia, afirman que no se trata de coacci\u00f3n o extorsi\u00f3n, sino de una expresi\u00f3n de la fe que no debe ser penalizada.<\/p>\n<div class=\"row\">\n<div class=\"col-sm-12\"><\/div>\n<\/div>\n<p>Seg\u00fan la defensa, los fiscales podr\u00edan haber excedido su interpretaci\u00f3n de la ley al catalogar como &#8220;enga\u00f1osas&#8221; o &#8220;falsas&#8221; creencias religiosas, lo que habr\u00eda influido indebidamente en el jurado. Por ello, solicitan la totalidad de las declaraciones y de las instrucciones preliminares del caso para demostrar que cualquier error individual debe tratarse como tal, sin criminalizar a toda la organizaci\u00f3n.<\/p>\n<p>El argumento central es que el proceso constituye un litigio sobre los l\u00edmites constitucionales del Estado para criminalizar doctrinas religiosas, incluso cuando dichas doctrinas podr\u00edan servir de cobertura a abusos. De prosperar la moci\u00f3n, la defensa buscar\u00e1 la cancelaci\u00f3n total o parcial de los cargos que incluyen delincuencia organizada, tr\u00e1fico sexual, explotaci\u00f3n sexual de menores y pornograf\u00eda infantil.<\/p>\n<p>El juicio contra Naas\u00f3n Joaqu\u00edn Garc\u00eda, su madre y otros miembros de La Luz del Mundo est\u00e1 programado para iniciar el 15\u202fde\u202fmarzo\u202fde\u202f2027, seg\u00fan la jueza Preska. Mientras tanto, el l\u00edder permanece bajo prisi\u00f3n preventiva en el Centro de Detenci\u00f3n Metropolitano de Brooklyn, Nueva York.<\/p>\n","protected":false},"excerpt":{"rendered":"<p>La defensa del l\u00edder de La Luz del Mundo, Naas\u00f3n Joaqu\u00edn Garc\u00eda, ha presentado una carta a la jueza federal Loretta\u202fPreska solicitando el acceso a todos los materiales del caso, con el objetivo de fundamentar una moci\u00f3n de desestimaci\u00f3n que ser\u00e1 interpuesta en julio.\u00a0En el escrito, los abogados argumentan que los fiscales equiparan a la [&hellip;]<\/p>\n","protected":false},"author":2,"featured_media":254437,"comment_status":"closed","ping_status":"closed","sticky":false,"template":"","format":"standard","meta":{"footnotes":""},"categories":[12870,172],"tags":[12865,12874],"class_list":["post-254436","post","type-post","status-publish","format-standard","has-post-thumbnail","hentry","category-destacadas","category-nacional","tag-destacadas","tag-nacional"],"jetpack_featured_media_url":"https:\/\/rnoticias.com.mx\/Portal\/wp-content\/uploads\/2026\/04\/0221.webp","amp_enabled":true,"_links":{"self":[{"href":"https:\/\/rnoticias.com.mx\/Portal\/wp-json\/wp\/v2\/posts\/254436","targetHints":{"allow":["GET"]}}],"collection":[{"href":"https:\/\/rnoticias.com.mx\/Portal\/wp-json\/wp\/v2\/posts"}],"about":[{"href":"https:\/\/rnoticias.com.mx\/Portal\/wp-json\/wp\/v2\/types\/post"}],"author":[{"embeddable":true,"href":"https:\/\/rnoticias.com.mx\/Portal\/wp-json\/wp\/v2\/users\/2"}],"replies":[{"embeddable":true,"href":"https:\/\/rnoticias.com.mx\/Portal\/wp-json\/wp\/v2\/comments?post=254436"}],"version-history":[{"count":1,"href":"https:\/\/rnoticias.com.mx\/Portal\/wp-json\/wp\/v2\/posts\/254436\/revisions"}],"predecessor-version":[{"id":254438,"href":"https:\/\/rnoticias.com.mx\/Portal\/wp-json\/wp\/v2\/posts\/254436\/revisions\/254438"}],"wp:featuredmedia":[{"embeddable":true,"href":"https:\/\/rnoticias.com.mx\/Portal\/wp-json\/wp\/v2\/media\/254437"}],"wp:attachment":[{"href":"https:\/\/rnoticias.com.mx\/Portal\/wp-json\/wp\/v2\/media?parent=254436"}],"wp:term":[{"taxonomy":"category","embeddable":true,"href":"https:\/\/rnoticias.com.mx\/Portal\/wp-json\/wp\/v2\/categories?post=254436"},{"taxonomy":"post_tag","embeddable":true,"href":"https:\/\/rnoticias.com.mx\/Portal\/wp-json\/wp\/v2\/tags?post=254436"}],"curies":[{"name":"wp","href":"https:\/\/api.w.org\/{rel}","templated":true}]}}