{"id":254433,"date":"2026-04-30T11:35:39","date_gmt":"2026-04-30T18:35:39","guid":{"rendered":"https:\/\/rnoticias.com.mx\/Portal\/?p=254433"},"modified":"2026-04-30T11:35:39","modified_gmt":"2026-04-30T18:35:39","slug":"consejeros-del-ine-impugnan-nombramiento-de-mario-alberto-alejo-garcia-en-la-unidad-de-fiscalizacion","status":"publish","type":"post","link":"https:\/\/rnoticias.com.mx\/Portal\/2026\/04\/30\/consejeros-del-ine-impugnan-nombramiento-de-mario-alberto-alejo-garcia-en-la-unidad-de-fiscalizacion\/","title":{"rendered":"Consejeros del INE impugnan nombramiento de Mario Alberto Alejo Garc\u00eda en la Unidad de Fiscalizaci\u00f3n"},"content":{"rendered":"<p>Tres consejeros del Instituto Nacional Electoral (INE) presentaron un recurso ante el Tribunal Electoral del Poder Judicial de la Federaci\u00f3n (TEPJF) para impugnar el nombramiento de\u00a0<em>Mario Alberto Alejo Garc\u00eda<\/em>\u00a0como titular de la Unidad T\u00e9cnica de Fiscalizaci\u00f3n, designado por la presidenta del organismo, Guadalupe Taddei, el 22 de abril.<\/p>\n<p>&nbsp;<\/p>\n<h2>Motivos de la impugnaci\u00f3n<\/h2>\n<p>Los consejeros Mart\u00edn Faz, Carla Humphrey y Arturo Castillo argumentan que la Ley del INE exige al menos cinco a\u00f1os de experiencia como directivo en fiscalizaci\u00f3n, requisito que, seg\u00fan ellos, Alejo Garc\u00eda no cumple. Su trayectoria se ha desarrollado mayormente en el \u00e1mbito municipal y en el Congreso local de Tabasco, donde desempe\u00f1\u00f3 cargos de pasante de derecho, apoderado legal, asesor parlamentario y secretario t\u00e9cnico de comisiones. Desde 2023 hasta su nombramiento, trabaj\u00f3 como asesor del consejero Jorge Monta\u00f1o, funci\u00f3n que, seg\u00fan los impugnantes, no equivale a experiencia directiva en fiscalizaci\u00f3n.<\/p>\n<p>&nbsp;<\/p>\n<div class=\"row\">\n<div class=\"col-sm-12\"><\/div>\n<\/div>\n<p>&nbsp;<\/p>\n<h2>Reforma de 2025 y su impacto<\/h2>\n<p>En 2025, una reforma legal otorg\u00f3 a la presidenta del INE la facultad de realizar nombramientos directos en la Junta General Ejecutiva sin necesidad de consenso del Consejo General. Taddei utiliz\u00f3 esta prerrogativa para designar a seis nuevos titulares, entre ellos a Alejo Garc\u00eda. Los consejeros consideran que este esquema debilita la colegialidad y la transparencia, pues elimina el filtro de revisi\u00f3n colectiva que antes garantizaba la idoneidad de los candidatos.<\/p>\n<p>&nbsp;<\/p>\n<p>&nbsp;<\/p>\n<h2>Preocupaciones sobre la idoneidad y la paridad<\/h2>\n<p>Los impugnantes advierten que la ausencia de experiencia comprobable en fiscalizaci\u00f3n podr\u00eda afectar la vigilancia y el funcionamiento del INE, comprometiendo la transparencia y legalidad de los procesos electorales. Adem\u00e1s, se\u00f1alan que, de los diez cargos principales de la Junta General Ejecutiva, solo uno ha sido ocupado por una mujer, vulnerando el principio de paridad de g\u00e9nero establecido por la normativa.<\/p>\n<p>&nbsp;<\/p>\n<p>&nbsp;<\/p>\n<h2>Respuesta de la presidenta Taddei<\/h2>\n<p>Guadalupe Taddei defendi\u00f3 su decisi\u00f3n, afirmando que todos los expedientes fueron revisados por la Direcci\u00f3n Jur\u00eddica del INE y que los requisitos legales fueron verificados documentalmente. Seg\u00fan la presidenta, el proceso fue legal y transparente.<\/p>\n<p>&nbsp;<\/p>\n<p>&nbsp;<\/p>\n<h2>Pr\u00f3ximos pasos<\/h2>\n<p>El TEPJF ser\u00e1 quien determine si el nombramiento de Alejo Garc\u00eda se mantiene o se revoca, conforme a la solicitud de los consejeros inconformes. El caso se suma a otras controversias internas del INE sobre la integraci\u00f3n de la Junta General Ejecutiva y la influencia de perfiles pol\u00edticos externos frente a t\u00e9cnicos del Servicio Profesional Electoral.<\/p>\n<p>&nbsp;<\/p>\n<div><\/div>\n<div class=\"row\"><\/div>\n","protected":false},"excerpt":{"rendered":"<p>Tres consejeros del Instituto Nacional Electoral (INE) presentaron un recurso ante el Tribunal Electoral del Poder Judicial de la Federaci\u00f3n (TEPJF) para impugnar el nombramiento de\u00a0Mario Alberto Alejo Garc\u00eda\u00a0como titular de la Unidad T\u00e9cnica de Fiscalizaci\u00f3n, designado por la presidenta del organismo, Guadalupe Taddei, el 22 de abril. &nbsp; Motivos de la impugnaci\u00f3n Los consejeros [&hellip;]<\/p>\n","protected":false},"author":2,"featured_media":254434,"comment_status":"closed","ping_status":"closed","sticky":false,"template":"","format":"standard","meta":{"footnotes":""},"categories":[12870,12868],"tags":[12865,12879],"class_list":["post-254433","post","type-post","status-publish","format-standard","has-post-thumbnail","hentry","category-destacadas","category-politica","tag-destacadas","tag-politica"],"jetpack_featured_media_url":"https:\/\/rnoticias.com.mx\/Portal\/wp-content\/uploads\/2026\/04\/6178181.jpg","amp_enabled":true,"_links":{"self":[{"href":"https:\/\/rnoticias.com.mx\/Portal\/wp-json\/wp\/v2\/posts\/254433","targetHints":{"allow":["GET"]}}],"collection":[{"href":"https:\/\/rnoticias.com.mx\/Portal\/wp-json\/wp\/v2\/posts"}],"about":[{"href":"https:\/\/rnoticias.com.mx\/Portal\/wp-json\/wp\/v2\/types\/post"}],"author":[{"embeddable":true,"href":"https:\/\/rnoticias.com.mx\/Portal\/wp-json\/wp\/v2\/users\/2"}],"replies":[{"embeddable":true,"href":"https:\/\/rnoticias.com.mx\/Portal\/wp-json\/wp\/v2\/comments?post=254433"}],"version-history":[{"count":1,"href":"https:\/\/rnoticias.com.mx\/Portal\/wp-json\/wp\/v2\/posts\/254433\/revisions"}],"predecessor-version":[{"id":254435,"href":"https:\/\/rnoticias.com.mx\/Portal\/wp-json\/wp\/v2\/posts\/254433\/revisions\/254435"}],"wp:featuredmedia":[{"embeddable":true,"href":"https:\/\/rnoticias.com.mx\/Portal\/wp-json\/wp\/v2\/media\/254434"}],"wp:attachment":[{"href":"https:\/\/rnoticias.com.mx\/Portal\/wp-json\/wp\/v2\/media?parent=254433"}],"wp:term":[{"taxonomy":"category","embeddable":true,"href":"https:\/\/rnoticias.com.mx\/Portal\/wp-json\/wp\/v2\/categories?post=254433"},{"taxonomy":"post_tag","embeddable":true,"href":"https:\/\/rnoticias.com.mx\/Portal\/wp-json\/wp\/v2\/tags?post=254433"}],"curies":[{"name":"wp","href":"https:\/\/api.w.org\/{rel}","templated":true}]}}