{"id":254430,"date":"2026-04-30T11:34:30","date_gmt":"2026-04-30T18:34:30","guid":{"rendered":"https:\/\/rnoticias.com.mx\/Portal\/?p=254430"},"modified":"2026-04-30T11:34:30","modified_gmt":"2026-04-30T18:34:30","slug":"fallece-la-modelo-brasilena-ana-luiza-mateus-tras-caer-del-piso-13","status":"publish","type":"post","link":"https:\/\/rnoticias.com.mx\/Portal\/2026\/04\/30\/fallece-la-modelo-brasilena-ana-luiza-mateus-tras-caer-del-piso-13\/","title":{"rendered":"Fallece la modelo brasile\u00f1a Ana Luiza Mateus tras caer del piso 13"},"content":{"rendered":"<p>La comunidad de cert\u00e1menes de belleza y sus seguidores se visti\u00f3 de luto tras conocerse la muerte de Ana Luiza Mateus, joven brasile\u00f1a de 29 a\u00f1os que representaba al estado de Bah\u00eda en el concurso Miss\u202fCosmo\u202fBrasil, programado para finales de a\u00f1o.<\/p>\n<p>Seg\u00fan informaron medios locales como CNN Brasil y G1, la modelo y psic\u00f3loga cay\u00f3 desde el piso 13 de un edificio de apartamentos en el barrio de Barra da Tijuca el pasado 22 de abril. La polic\u00eda encontr\u00f3 su cuerpo en el \u00e1rea de servicios del inmueble y, de inmediato, detuvo a su pareja, Endreo\u202fCunha, bajo sospecha de feminicidio.<\/p>\n<div class=\"row\">\n<div class=\"col-sm-12\"><\/div>\n<\/div>\n<p>Testigos declararon que la pareja hab\u00eda mantenido una discusi\u00f3n el d\u00eda anterior al accidente, lo que motiv\u00f3 la intervenci\u00f3n policial. Sin embargo, pocas horas despu\u00e9s de su arresto, Cunha fue hallado sin vida en su celda. Las autoridades investigan la causa, considerando la hip\u00f3tesis de un suicidio por asfixia.<\/p>\n<p>La Divisi\u00f3n de Homicidios de la Polic\u00eda de la Capital contin\u00faa tomando declaraciones a los testigos y recopilando pruebas para esclarecer los hechos.<\/p>\n<p>Por su parte, la organizaci\u00f3n del certamen Miss\u202fCosmo\u202fBrasil emiti\u00f3 un comunicado expresando sus condolencias a la familia de la fallecida y solicit\u00f3 a la sociedad reflexionar sobre la violencia de g\u00e9nero.<\/p>\n<p>Ana Luiza Mateus, adem\u00e1s de su faceta como modelo, ejerc\u00eda como psic\u00f3loga y utilizaba sus redes sociales para compartir contenido sobre estilo de vida y belleza, gan\u00e1ndose una considerable cantidad de seguidores.<\/p>\n<p>El caso ha generado un amplio debate en Brasil sobre la seguridad de las mujeres y la necesidad de fortalecer los mecanismos de prevenci\u00f3n del feminicidio.<\/p>\n","protected":false},"excerpt":{"rendered":"<p>La comunidad de cert\u00e1menes de belleza y sus seguidores se visti\u00f3 de luto tras conocerse la muerte de Ana Luiza Mateus, joven brasile\u00f1a de 29 a\u00f1os que representaba al estado de Bah\u00eda en el concurso Miss\u202fCosmo\u202fBrasil, programado para finales de a\u00f1o. Seg\u00fan informaron medios locales como CNN Brasil y G1, la modelo y psic\u00f3loga cay\u00f3 [&hellip;]<\/p>\n","protected":false},"author":2,"featured_media":254431,"comment_status":"closed","ping_status":"closed","sticky":false,"template":"","format":"standard","meta":{"footnotes":""},"categories":[219],"tags":[12875],"class_list":["post-254430","post","type-post","status-publish","format-standard","has-post-thumbnail","hentry","category-espectaculos","tag-espectaculos"],"jetpack_featured_media_url":"https:\/\/rnoticias.com.mx\/Portal\/wp-content\/uploads\/2026\/04\/69ee6b9599148.r_d.281-241.webp","amp_enabled":true,"_links":{"self":[{"href":"https:\/\/rnoticias.com.mx\/Portal\/wp-json\/wp\/v2\/posts\/254430","targetHints":{"allow":["GET"]}}],"collection":[{"href":"https:\/\/rnoticias.com.mx\/Portal\/wp-json\/wp\/v2\/posts"}],"about":[{"href":"https:\/\/rnoticias.com.mx\/Portal\/wp-json\/wp\/v2\/types\/post"}],"author":[{"embeddable":true,"href":"https:\/\/rnoticias.com.mx\/Portal\/wp-json\/wp\/v2\/users\/2"}],"replies":[{"embeddable":true,"href":"https:\/\/rnoticias.com.mx\/Portal\/wp-json\/wp\/v2\/comments?post=254430"}],"version-history":[{"count":1,"href":"https:\/\/rnoticias.com.mx\/Portal\/wp-json\/wp\/v2\/posts\/254430\/revisions"}],"predecessor-version":[{"id":254432,"href":"https:\/\/rnoticias.com.mx\/Portal\/wp-json\/wp\/v2\/posts\/254430\/revisions\/254432"}],"wp:featuredmedia":[{"embeddable":true,"href":"https:\/\/rnoticias.com.mx\/Portal\/wp-json\/wp\/v2\/media\/254431"}],"wp:attachment":[{"href":"https:\/\/rnoticias.com.mx\/Portal\/wp-json\/wp\/v2\/media?parent=254430"}],"wp:term":[{"taxonomy":"category","embeddable":true,"href":"https:\/\/rnoticias.com.mx\/Portal\/wp-json\/wp\/v2\/categories?post=254430"},{"taxonomy":"post_tag","embeddable":true,"href":"https:\/\/rnoticias.com.mx\/Portal\/wp-json\/wp\/v2\/tags?post=254430"}],"curies":[{"name":"wp","href":"https:\/\/api.w.org\/{rel}","templated":true}]}}