{"id":254427,"date":"2026-04-30T11:30:42","date_gmt":"2026-04-30T18:30:42","guid":{"rendered":"https:\/\/rnoticias.com.mx\/Portal\/?p=254427"},"modified":"2026-04-30T11:30:42","modified_gmt":"2026-04-30T18:30:42","slug":"fortalece-gobierno-de-sonora-vinculacion-con-empresa-sempra-en-beneficio-de-estudiantes-de-cecyte","status":"publish","type":"post","link":"https:\/\/rnoticias.com.mx\/Portal\/2026\/04\/30\/fortalece-gobierno-de-sonora-vinculacion-con-empresa-sempra-en-beneficio-de-estudiantes-de-cecyte\/","title":{"rendered":"Fortalece Gobierno de Sonora vinculaci\u00f3n con empresa Sempra en beneficio de estudiantes de Cecyte"},"content":{"rendered":"<p align=\"left\">Hermosillo, Sonora; 30 de abril de 2026.\u2013 Gracias a la vinculaci\u00f3n con la empresa Sempra Infraestructura, a trav\u00e9s de la Secretar\u00eda de Educaci\u00f3n y Cultura (SEC), el Colegio de Estudios Cient\u00edficos y Tecnol\u00f3gicos del Estado de Sonora (Cecyte), plantel Benjam\u00edn Hill, recibi\u00f3 la entrega de cinco equipos de aire acondicionado de 1.5 toneladas.<\/p>\n<p align=\"left\">En el marco de este evento, tambi\u00e9n se llev\u00f3 a cabo la jornada comunitaria #CecyteContiGo, en la que se ofrecieron m\u00e1s de cuarenta servicios gratuitos dirigidos a las y los estudiantes, as\u00ed como a la comunidad en general. Cecyte Sonora destac\u00f3 el respaldo del Ayuntamiento de Benjam\u00edn Hill, cuya colaboraci\u00f3n hizo posible esta iniciativa en beneficio de la poblaci\u00f3n.<\/p>\n<p align=\"left\">La directora general del subsistema, Blanca Aurelia Valenzuela, reconoci\u00f3 el compromiso de la empresa Sempra con la educaci\u00f3n y el bienestar de la comunidad estudiantil. Asimismo, destac\u00f3 la importancia de fortalecer alianzas estrat\u00e9gicas que contribuyan a mejorar las condiciones de aprendizaje en los planteles.<\/p>\n<p align=\"left\">Por su parte, Luis Ch\u00e1vez Rojano, gerente Sr. de Asuntos P\u00fablicos Locales de Sempra Infraestructura, mencion\u00f3: \u201cEsta entrega va m\u00e1s all\u00e1 de mejorar las instalaciones. En una regi\u00f3n como Benjam\u00edn Hill, contar con espacios adecuados impacta directamente en la concentraci\u00f3n, asistencia y bienestar de las y los estudiantes\u201d.<\/p>\n<p align=\"left\">A\u00f1adi\u00f3 que, desde Fundaci\u00f3n Sempra Infraestructura, buscan contribuir al desarrollo de las comunidades a las que pertenecen, convencidos de que, cuando el sector p\u00fablico y el sector privado trabajan de manera coordinada, se logran beneficios m\u00e1s amplios y duraderos.<\/p>\n<p align=\"left\">Cecyte reafirm\u00f3 el compromiso del Gobierno de Sonora de consolidar a la educaci\u00f3n como un pilar de la transformaci\u00f3n, mediante acciones orientadas a fortalecer el bienestar y ampliar las oportunidades de desarrollo para las y los j\u00f3venes.<\/p>\n","protected":false},"excerpt":{"rendered":"<p>Hermosillo, Sonora; 30 de abril de 2026.\u2013 Gracias a la vinculaci\u00f3n con la empresa Sempra Infraestructura, a trav\u00e9s de la Secretar\u00eda de Educaci\u00f3n y Cultura (SEC), el Colegio de Estudios Cient\u00edficos y Tecnol\u00f3gicos del Estado de Sonora (Cecyte), plantel Benjam\u00edn Hill, recibi\u00f3 la entrega de cinco equipos de aire acondicionado de 1.5 toneladas. En el [&hellip;]<\/p>\n","protected":false},"author":2,"featured_media":254428,"comment_status":"closed","ping_status":"closed","sticky":false,"template":"","format":"standard","meta":{"footnotes":""},"categories":[12870,178],"tags":[12865,12869],"class_list":["post-254427","post","type-post","status-publish","format-standard","has-post-thumbnail","hentry","category-destacadas","category-local","tag-destacadas","tag-local"],"jetpack_featured_media_url":"https:\/\/rnoticias.com.mx\/Portal\/wp-content\/uploads\/2026\/04\/unnamed-95.jpg","amp_enabled":true,"_links":{"self":[{"href":"https:\/\/rnoticias.com.mx\/Portal\/wp-json\/wp\/v2\/posts\/254427","targetHints":{"allow":["GET"]}}],"collection":[{"href":"https:\/\/rnoticias.com.mx\/Portal\/wp-json\/wp\/v2\/posts"}],"about":[{"href":"https:\/\/rnoticias.com.mx\/Portal\/wp-json\/wp\/v2\/types\/post"}],"author":[{"embeddable":true,"href":"https:\/\/rnoticias.com.mx\/Portal\/wp-json\/wp\/v2\/users\/2"}],"replies":[{"embeddable":true,"href":"https:\/\/rnoticias.com.mx\/Portal\/wp-json\/wp\/v2\/comments?post=254427"}],"version-history":[{"count":1,"href":"https:\/\/rnoticias.com.mx\/Portal\/wp-json\/wp\/v2\/posts\/254427\/revisions"}],"predecessor-version":[{"id":254429,"href":"https:\/\/rnoticias.com.mx\/Portal\/wp-json\/wp\/v2\/posts\/254427\/revisions\/254429"}],"wp:featuredmedia":[{"embeddable":true,"href":"https:\/\/rnoticias.com.mx\/Portal\/wp-json\/wp\/v2\/media\/254428"}],"wp:attachment":[{"href":"https:\/\/rnoticias.com.mx\/Portal\/wp-json\/wp\/v2\/media?parent=254427"}],"wp:term":[{"taxonomy":"category","embeddable":true,"href":"https:\/\/rnoticias.com.mx\/Portal\/wp-json\/wp\/v2\/categories?post=254427"},{"taxonomy":"post_tag","embeddable":true,"href":"https:\/\/rnoticias.com.mx\/Portal\/wp-json\/wp\/v2\/tags?post=254427"}],"curies":[{"name":"wp","href":"https:\/\/api.w.org\/{rel}","templated":true}]}}