{"id":254408,"date":"2026-04-30T08:56:42","date_gmt":"2026-04-30T15:56:42","guid":{"rendered":"https:\/\/rnoticias.com.mx\/Portal\/?p=254408"},"modified":"2026-04-30T08:56:42","modified_gmt":"2026-04-30T15:56:42","slug":"ofrece-sistema-penitenciario-festejo-por-el-dia-de-las-ninas-y-ninos-a-hijos-de-poblacion-interna-en-centros-de-reinsercion-social","status":"publish","type":"post","link":"https:\/\/rnoticias.com.mx\/Portal\/2026\/04\/30\/ofrece-sistema-penitenciario-festejo-por-el-dia-de-las-ninas-y-ninos-a-hijos-de-poblacion-interna-en-centros-de-reinsercion-social\/","title":{"rendered":"Ofrece Sistema Penitenciario festejo por el D\u00eda de las Ni\u00f1as y Ni\u00f1os a hijos de poblaci\u00f3n interna en Centros de Reinserci\u00f3n Social"},"content":{"rendered":"<p>Hermosillo, Sonora; 30 de abril de 2026.- Para fortalecer la convivencia y los v\u00ednculos afectivos entre Personas Privadas de su Libertad (PPL) y sus hijos, la Secretar\u00eda de Seguridad y Protecci\u00f3n Ciudadana (SSPC) en Sonora, a trav\u00e9s del Sistema Estatal Penitenciario (SIEP), organiz\u00f3 una emotiva celebraci\u00f3n por el D\u00eda de las Ni\u00f1as y los Ni\u00f1os en los 13 Centros de Reinserci\u00f3n Social (Cereso).<\/p>\n<p>Como parte del proceso de reinserci\u00f3n social y respeto a sus derechos humanos, se desarrollaron actividades en las que se fomenta la comunicaci\u00f3n entre la poblaci\u00f3n interna y su n\u00facleo familiar, lo que genera estabilidad emocional en cada PPL.<\/p>\n<p>Por ello, autoridades del Sistema Penitenciario celebraron el 30 de abril con dulces, pi\u00f1atas, pastel, comida, juegos y regalos para las y los peque\u00f1os, quienes estuvieron junto a sus padres disfrutando su d\u00eda.<\/p>\n<p>Durante la presente semana, en cada Centro de Reinserci\u00f3n Social se llevaron a cabo festejos especiales llenos de diversi\u00f3n y que, simult\u00e1neamente, promueven la sana convivencia familiar.<\/p>\n<p>Las \u00e1reas de visita en los Ceresos fueron testigo de muchas sonrisas y alegr\u00edas de las y los peque\u00f1os, quienes tuvieron la oportunidad de disfrutar un d\u00eda especial con sus madres y padres.<\/p>\n","protected":false},"excerpt":{"rendered":"<p>Hermosillo, Sonora; 30 de abril de 2026.- Para fortalecer la convivencia y los v\u00ednculos afectivos entre Personas Privadas de su Libertad (PPL) y sus hijos, la Secretar\u00eda de Seguridad y Protecci\u00f3n Ciudadana (SSPC) en Sonora, a trav\u00e9s del Sistema Estatal Penitenciario (SIEP), organiz\u00f3 una emotiva celebraci\u00f3n por el D\u00eda de las Ni\u00f1as y los Ni\u00f1os [&hellip;]<\/p>\n","protected":false},"author":2,"featured_media":254409,"comment_status":"closed","ping_status":"closed","sticky":false,"template":"","format":"standard","meta":{"footnotes":""},"categories":[12870,178],"tags":[12865,12869],"class_list":["post-254408","post","type-post","status-publish","format-standard","has-post-thumbnail","hentry","category-destacadas","category-local","tag-destacadas","tag-local"],"jetpack_featured_media_url":"https:\/\/rnoticias.com.mx\/Portal\/wp-content\/uploads\/2026\/04\/unnamed-2-33.jpg","amp_enabled":true,"_links":{"self":[{"href":"https:\/\/rnoticias.com.mx\/Portal\/wp-json\/wp\/v2\/posts\/254408","targetHints":{"allow":["GET"]}}],"collection":[{"href":"https:\/\/rnoticias.com.mx\/Portal\/wp-json\/wp\/v2\/posts"}],"about":[{"href":"https:\/\/rnoticias.com.mx\/Portal\/wp-json\/wp\/v2\/types\/post"}],"author":[{"embeddable":true,"href":"https:\/\/rnoticias.com.mx\/Portal\/wp-json\/wp\/v2\/users\/2"}],"replies":[{"embeddable":true,"href":"https:\/\/rnoticias.com.mx\/Portal\/wp-json\/wp\/v2\/comments?post=254408"}],"version-history":[{"count":1,"href":"https:\/\/rnoticias.com.mx\/Portal\/wp-json\/wp\/v2\/posts\/254408\/revisions"}],"predecessor-version":[{"id":254410,"href":"https:\/\/rnoticias.com.mx\/Portal\/wp-json\/wp\/v2\/posts\/254408\/revisions\/254410"}],"wp:featuredmedia":[{"embeddable":true,"href":"https:\/\/rnoticias.com.mx\/Portal\/wp-json\/wp\/v2\/media\/254409"}],"wp:attachment":[{"href":"https:\/\/rnoticias.com.mx\/Portal\/wp-json\/wp\/v2\/media?parent=254408"}],"wp:term":[{"taxonomy":"category","embeddable":true,"href":"https:\/\/rnoticias.com.mx\/Portal\/wp-json\/wp\/v2\/categories?post=254408"},{"taxonomy":"post_tag","embeddable":true,"href":"https:\/\/rnoticias.com.mx\/Portal\/wp-json\/wp\/v2\/tags?post=254408"}],"curies":[{"name":"wp","href":"https:\/\/api.w.org\/{rel}","templated":true}]}}