{"id":254399,"date":"2026-04-30T08:51:51","date_gmt":"2026-04-30T15:51:51","guid":{"rendered":"https:\/\/rnoticias.com.mx\/Portal\/?p=254399"},"modified":"2026-04-30T08:51:51","modified_gmt":"2026-04-30T15:51:51","slug":"canelo-estalla-el-boxeo-es-un-cochinero-y-revela-por-que-no-sera-promotor","status":"publish","type":"post","link":"https:\/\/rnoticias.com.mx\/Portal\/2026\/04\/30\/canelo-estalla-el-boxeo-es-un-cochinero-y-revela-por-que-no-sera-promotor\/","title":{"rendered":"Canelo estalla: &#8220;El boxeo es un cochinero&#8221; y revela por qu\u00e9 no ser\u00e1 promotor"},"content":{"rendered":"<p>Sa\u00fal &#8220;Canelo&#8221; \u00c1lvarez, ex campe\u00f3n mundial de los supermedianos, reiter\u00f3 en el podcast de Oso Trava que no tiene planes de involucrarse en la promoci\u00f3n de boxeo una vez que cuelgue los guantes. El pugilista de 35 a\u00f1os explic\u00f3 que su decisi\u00f3n se basa en la &#8220;demasiada suciedad&#8221; que percibe en el entorno empresarial del deporte, donde los promotores persiguen intereses propios y generan conflictos que \u00e9l prefiere evitar.<\/p>\n<p>Durante la entrevista, \u00c1lvarez record\u00f3 una conversaci\u00f3n con su CEO, Richard Schaefer, quien hab\u00eda propuesto crear una promotora propia. &#8220;Yo no quiero, es muy complicado, tengo otras metas en otros negocios. El boxeo me dio mucho, pero no quiero volver a ese cochinero&#8221;, afirm\u00f3 el mexicano. Schaefer, seg\u00fan el campe\u00f3n, comprendi\u00f3 finalmente la postura de su cliente.<\/p>\n<p>El deportista tambi\u00e9n adelant\u00f3 que planea retirarse alrededor de los 37 a\u00f1os, aunque la fecha podr\u00eda modificarse bajo la influencia del jeque saud\u00ed Turki Alalshikh, con quien firm\u00f3 un contrato en 2024 para cuatro combates, tres de ellos en Arabia Saudita y uno en Estados Unidos. Su pr\u00f3ximo regreso al ring est\u00e1 programado para el 12 de septiembre en Riad, donde buscar\u00e1 un t\u00edtulo mundial.<\/p>\n<p>\u00c1lvarez subray\u00f3 que, a pesar de su buen estado f\u00edsico y mental, no ve a ning\u00fan rival que pueda igualar su capacidad de generar ingresos y atenci\u00f3n medi\u00e1tica, lo que le permite considerar una prolongaci\u00f3n de su carrera si surgen oportunidades atractivas.<\/p>\n<p>En conclusi\u00f3n, el boxeador jalisciense mantiene firme su postura de alejarse del negocio del boxeo tras su retiro, enfoc\u00e1ndose en otros sectores empresariales y evitando los conflictos que, a su juicio, caracterizan al mundo de la promoci\u00f3n pugil\u00edstica.<\/p>\n","protected":false},"excerpt":{"rendered":"<p>Sa\u00fal &#8220;Canelo&#8221; \u00c1lvarez, ex campe\u00f3n mundial de los supermedianos, reiter\u00f3 en el podcast de Oso Trava que no tiene planes de involucrarse en la promoci\u00f3n de boxeo una vez que cuelgue los guantes. El pugilista de 35 a\u00f1os explic\u00f3 que su decisi\u00f3n se basa en la &#8220;demasiada suciedad&#8221; que percibe en el entorno empresarial del [&hellip;]<\/p>\n","protected":false},"author":2,"featured_media":254400,"comment_status":"closed","ping_status":"closed","sticky":false,"template":"","format":"standard","meta":{"footnotes":""},"categories":[188,12870],"tags":[5231,12865],"class_list":["post-254399","post","type-post","status-publish","format-standard","has-post-thumbnail","hentry","category-deportes","category-destacadas","tag-deportes","tag-destacadas"],"jetpack_featured_media_url":"https:\/\/rnoticias.com.mx\/Portal\/wp-content\/uploads\/2026\/04\/canelo.jpg","amp_enabled":true,"_links":{"self":[{"href":"https:\/\/rnoticias.com.mx\/Portal\/wp-json\/wp\/v2\/posts\/254399","targetHints":{"allow":["GET"]}}],"collection":[{"href":"https:\/\/rnoticias.com.mx\/Portal\/wp-json\/wp\/v2\/posts"}],"about":[{"href":"https:\/\/rnoticias.com.mx\/Portal\/wp-json\/wp\/v2\/types\/post"}],"author":[{"embeddable":true,"href":"https:\/\/rnoticias.com.mx\/Portal\/wp-json\/wp\/v2\/users\/2"}],"replies":[{"embeddable":true,"href":"https:\/\/rnoticias.com.mx\/Portal\/wp-json\/wp\/v2\/comments?post=254399"}],"version-history":[{"count":1,"href":"https:\/\/rnoticias.com.mx\/Portal\/wp-json\/wp\/v2\/posts\/254399\/revisions"}],"predecessor-version":[{"id":254401,"href":"https:\/\/rnoticias.com.mx\/Portal\/wp-json\/wp\/v2\/posts\/254399\/revisions\/254401"}],"wp:featuredmedia":[{"embeddable":true,"href":"https:\/\/rnoticias.com.mx\/Portal\/wp-json\/wp\/v2\/media\/254400"}],"wp:attachment":[{"href":"https:\/\/rnoticias.com.mx\/Portal\/wp-json\/wp\/v2\/media?parent=254399"}],"wp:term":[{"taxonomy":"category","embeddable":true,"href":"https:\/\/rnoticias.com.mx\/Portal\/wp-json\/wp\/v2\/categories?post=254399"},{"taxonomy":"post_tag","embeddable":true,"href":"https:\/\/rnoticias.com.mx\/Portal\/wp-json\/wp\/v2\/tags?post=254399"}],"curies":[{"name":"wp","href":"https:\/\/api.w.org\/{rel}","templated":true}]}}