{"id":254396,"date":"2026-04-30T08:42:31","date_gmt":"2026-04-30T15:42:31","guid":{"rendered":"https:\/\/rnoticias.com.mx\/Portal\/?p=254396"},"modified":"2026-04-30T08:42:31","modified_gmt":"2026-04-30T15:42:31","slug":"ruben-rocha-moya-rechaza-energicamente-acusaciones-de-ee-uu","status":"publish","type":"post","link":"https:\/\/rnoticias.com.mx\/Portal\/2026\/04\/30\/ruben-rocha-moya-rechaza-energicamente-acusaciones-de-ee-uu\/","title":{"rendered":"Rub\u00e9n Rocha Moya rechaza en\u00e9rgicamente acusaciones de EE.\u202fUU."},"content":{"rendered":"<p>El gobernador Rub\u00e9n Rocha Moya, a trav\u00e9s de su cuenta oficial en X, rechaz\u00f3 categ\u00f3ricamente las imputaciones formuladas por la Fiscal\u00eda Federal del Distrito Sur de Nueva York, las cuales lo acusan, junto a nueve funcionarios y ex funcionarios, de colaborar con el C\u00e1rtel de Sinaloa en actividades de narcotr\u00e1fico y tr\u00e1fico de armas.<\/p>\n<p>\u201cRechazo categ\u00f3rica y absolutamente las imputaciones formuladas en mi contra, ya que carecen de veracidad y fundamento alguno. As\u00ed se demostrar\u00e1 con toda contundencia en el momento oportuno\u201d, declar\u00f3 Rocha Moya, a\u00f1adiendo que el ataque no solo lo afecta a \u00e9l, sino al movimiento de la Cuarta Transformaci\u00f3n, a sus liderazgos y a los mexicanos que representan esa causa.<\/p>\n<div class=\"row\">\n<div class=\"col-sm-12\"><\/div>\n<\/div>\n<p>El gobernador sostuvo que la acusaci\u00f3n forma parte de una \u201cperversa estrategia\u201d para vulnerar el orden constitucional y la soberan\u00eda nacional consagrada en el art\u00edculo 40 de la Constituci\u00f3n mexicana, principios que su gobierno defiende como invariables e innegociables.<\/p>\n<p>El Departamento de Justicia de EE.\u202fUU., a trav\u00e9s del embajador Ronald Johnson, anunci\u00f3 que los cargos fueron presentados el mi\u00e9rcoles, se\u00f1alando que la medida responde a la demanda de los ciudadanos de ambos lados de la frontera. Seg\u00fan la acusaci\u00f3n, los funcionarios se\u00f1alados habr\u00edan colaborado con el C\u00e1rtel de Sinaloa para distribuir fentanilo, hero\u00edna, coca\u00edna y metanfetamina, proteger a sus l\u00edderes y proporcionar informaci\u00f3n confidencial de las fuerzas de seguridad mexicanas.<\/p>\n<p>Entre los hechos que se les atribuye se encuentran la supuesta orden de polic\u00edas estatales y municipales para proteger cargamentos de droga, la permisividad frente a actos de violencia del c\u00e1rtel y la recepci\u00f3n de sobornos millonarios a cambio de dicha colaboraci\u00f3n.<\/p>\n<p>Rocha Moya concluy\u00f3 su mensaje dirigido a los sinaloenses: \u201cCon el valor y la dignidad que nos caracterizan, demostraremos la falta de sustento de esta calumnia\u201d. La defensa del gobernador se basar\u00e1 en pruebas que, seg\u00fan asegura, ser\u00e1n presentadas en el momento oportuno para desvirtuar las acusaciones.<\/p>\n<div><\/div>\n<div class=\"row\"><\/div>\n","protected":false},"excerpt":{"rendered":"<p>El gobernador Rub\u00e9n Rocha Moya, a trav\u00e9s de su cuenta oficial en X, rechaz\u00f3 categ\u00f3ricamente las imputaciones formuladas por la Fiscal\u00eda Federal del Distrito Sur de Nueva York, las cuales lo acusan, junto a nueve funcionarios y ex funcionarios, de colaborar con el C\u00e1rtel de Sinaloa en actividades de narcotr\u00e1fico y tr\u00e1fico de armas. \u201cRechazo [&hellip;]<\/p>\n","protected":false},"author":2,"featured_media":254397,"comment_status":"closed","ping_status":"closed","sticky":false,"template":"","format":"standard","meta":{"footnotes":""},"categories":[12870,12868],"tags":[12865,12879],"class_list":["post-254396","post","type-post","status-publish","format-standard","has-post-thumbnail","hentry","category-destacadas","category-politica","tag-destacadas","tag-politica"],"jetpack_featured_media_url":"https:\/\/rnoticias.com.mx\/Portal\/wp-content\/uploads\/2026\/04\/gobernador-de-sinaloa-ruben-rocha-moya.jpeg","amp_enabled":true,"_links":{"self":[{"href":"https:\/\/rnoticias.com.mx\/Portal\/wp-json\/wp\/v2\/posts\/254396","targetHints":{"allow":["GET"]}}],"collection":[{"href":"https:\/\/rnoticias.com.mx\/Portal\/wp-json\/wp\/v2\/posts"}],"about":[{"href":"https:\/\/rnoticias.com.mx\/Portal\/wp-json\/wp\/v2\/types\/post"}],"author":[{"embeddable":true,"href":"https:\/\/rnoticias.com.mx\/Portal\/wp-json\/wp\/v2\/users\/2"}],"replies":[{"embeddable":true,"href":"https:\/\/rnoticias.com.mx\/Portal\/wp-json\/wp\/v2\/comments?post=254396"}],"version-history":[{"count":1,"href":"https:\/\/rnoticias.com.mx\/Portal\/wp-json\/wp\/v2\/posts\/254396\/revisions"}],"predecessor-version":[{"id":254398,"href":"https:\/\/rnoticias.com.mx\/Portal\/wp-json\/wp\/v2\/posts\/254396\/revisions\/254398"}],"wp:featuredmedia":[{"embeddable":true,"href":"https:\/\/rnoticias.com.mx\/Portal\/wp-json\/wp\/v2\/media\/254397"}],"wp:attachment":[{"href":"https:\/\/rnoticias.com.mx\/Portal\/wp-json\/wp\/v2\/media?parent=254396"}],"wp:term":[{"taxonomy":"category","embeddable":true,"href":"https:\/\/rnoticias.com.mx\/Portal\/wp-json\/wp\/v2\/categories?post=254396"},{"taxonomy":"post_tag","embeddable":true,"href":"https:\/\/rnoticias.com.mx\/Portal\/wp-json\/wp\/v2\/tags?post=254396"}],"curies":[{"name":"wp","href":"https:\/\/api.w.org\/{rel}","templated":true}]}}